{"id":9603,"date":"2008-06-05T07:35:00","date_gmt":"2008-06-05T05:35:00","guid":{"rendered":""},"modified":"2024-11-12T15:34:53","modified_gmt":"2024-11-12T14:34:53","slug":"competencia-inter-beiras-na-ra-de","status":"publish","type":"post","link":"https:\/\/blogs.amarinha.gal\/ribadeando\/2008\/06\/05\/competencia-inter-beiras-na-ra-de\/","title":{"rendered":"Competencia inter beiras na r\u00eda de Ribadeo"},"content":{"rendered":"<p><a href=\"https:\/\/blogger.googleusercontent.com\/img\/b\/R29vZ2xl\/AVvXsEg3RMMrS28v11jBOv7ubSywdfFHdJzn8FWqHuH9VmmggtrVmzAxUOxzgWXade8GLQednoajjjWdIjCoWuQtZK5lsU82i0ldMNNaPTZccctF-hoJEe89vHG0ZcYJcLK6uXZjJuMZ\/s2048\/astilleros+del+Eo.png\" onblur=\"try {parent.deselectBloggerImageGracefully();} catch(e) {}\"><img decoding=\"async\" alt=\"\" src=\"https:\/\/blogger.googleusercontent.com\/img\/b\/R29vZ2xl\/AVvXsEg3RMMrS28v11jBOv7ubSywdfFHdJzn8FWqHuH9VmmggtrVmzAxUOxzgWXade8GLQednoajjjWdIjCoWuQtZK5lsU82i0ldMNNaPTZccctF-hoJEe89vHG0ZcYJcLK6uXZjJuMZ\/s2048\/astilleros+del+Eo.png\" \/><\/a><\/p>\n<p><a href=\"https:\/\/blogger.googleusercontent.com\/img\/b\/R29vZ2xl\/AVvXsEjxWmvlby4GO3nEMO5chjHo4AxIYLK8kLSGR73ENUtcM_bDion6cdISbWnjoKcoO63GXIG_OEsm9DZlQKzcDtTq-vPAotRnwZgcAqsDwC8nll5LYvcD6c-YeOY22XtZRCwHpHoh\/s2048\/Astillero+Foto+1.JPG\" onblur=\"try {parent.deselectBloggerImageGracefully();} catch(e) {}\"><img decoding=\"async\" alt=\"\" src=\"https:\/\/blogger.googleusercontent.com\/img\/b\/R29vZ2xl\/AVvXsEjxWmvlby4GO3nEMO5chjHo4AxIYLK8kLSGR73ENUtcM_bDion6cdISbWnjoKcoO63GXIG_OEsm9DZlQKzcDtTq-vPAotRnwZgcAqsDwC8nll5LYvcD6c-YeOY22XtZRCwHpHoh\/s2048\/Astillero+Foto+1.JPG\" \/><\/a><\/p>\n<p><a href=\"https:\/\/blogger.googleusercontent.com\/img\/b\/R29vZ2xl\/AVvXsEjmhrhfzk_nmYgsaHxDYEeIb_UnyrFQrFK7sHmh-LWA974HcbPatCqUSE5PE0Zby14eWa-k25ox7qnHGo0o6Ytm79vzgCuBngHG6SvuAfnhNNWJC3EqQT2MN_3cUjncpYitV4mi\/s2048\/Vidaenlaria.png\" onblur=\"try {parent.deselectBloggerImageGracefully();} catch(e) {}\"><img decoding=\"async\" alt=\"\" src=\"https:\/\/blogger.googleusercontent.com\/img\/b\/R29vZ2xl\/AVvXsEjmhrhfzk_nmYgsaHxDYEeIb_UnyrFQrFK7sHmh-LWA974HcbPatCqUSE5PE0Zby14eWa-k25ox7qnHGo0o6Ytm79vzgCuBngHG6SvuAfnhNNWJC3EqQT2MN_3cUjncpYitV4mi\/s2048\/Vidaenlaria.png\" \/><\/a><\/p>\n<p>Na r\u00eda de Ribadeo sempre houbo unha certa competencia entre os ribeire\u00f1os e entre as entidades de poboaci\u00f3n da ribeira, como sucede en xeral entre veci\u00f1os. \u00c1s veces, esa competencia \u00e9 boa, pero \u00e1s veces, non. E desto segundo se trata. Envi\u00e1ronme documentaci\u00f3n sobre un caso que ven a enturbiar m\u00e1is o tema da nave do porto, porque se poder\u00eda entrar no toma e daca pol\u00edtico entre as ribeiras e os correspondentes gobernos auton\u00f3micos. Non se trata da ampliaci\u00f3n do peirao en Castropol ou nas Figueiras, sen\u00f3n dunha nave para a construcci\u00f3n de barcos pequenos no porto de Castropol. Po\u00f1o aqu\u00ed unha primeira parte (deixo o que son alegaci\u00f3ns e contestaci\u00f3n para a tarde), consistente a noticia de La Nueva Espa\u00f1a, unha foto &#8216;ecol\u00f3xica&#8217; dunha \u00e1rbore en Castropol  e unha toma Google da zona do antigo porto da Veiga. O desencadenante actual \u00e9 a licenza de obra para a nave.<\/p>\n<p>O certo \u00e9 que remato de ver a documentaci\u00f3n e a\u00ednda non tiven tempo de asimilala; o non facelo dame tempo para d\u00faas pequenas novas:<\/p>\n<p>A Innovaci\u00f3n fogar da comezo \u00f3 peche dos tres comercios que a Innovaci\u00f3n mant\u00e9n en Ribadeo. Este primeiro \u00e9 o de Villafranca del Bierzo, e onte xa estaban operarias de La Moda (\u00f3 parecer, empresa compradora) \u00f3 mando para desfacerse a prezos de saldo dos restos. Con esto comeza a desaparici\u00f3n duns almac\u00e9ns de referencia en Ribadeo.<\/p>\n<p>O outro ten unha importancia m\u00e1is anecd\u00f3tica: levo dito moitas veces que o concello incumpre a ordenanza de ru\u00eddo por unha morea de artigos diferentes. Por exemplo, por contratar altofalantes para anunciar actos diversos. E por permitilos. Pois onte coido que se batiu un r\u00e9cord particular \u00f3 ter visto tres coches diferentes, un correspondente a Donapubli (quen fai normalmente os anuncios con altofalante para o concello, pero tam\u00e9n para establecementos privados), outro \u00f3 Rosa Lar e outro a un establecemento de Tapia (TapiOK). Todo, con poucos minutos de diferencia na mesma ma\u00f1\u00e1 e sen ter ning\u00fan car\u00e1cter de urxencia ou excepcional interese (caso no que a ordenanza permite o uso de altofalantes).<\/p>\n<p>Un pouco m\u00e1is al\u00f3 est\u00e1 a nova da suxerencia do alcalde de <a href=\"http:\/\/www.lavozdegalicia.es\/amarina\/2008\/06\/05\/0003_6879114.htm\">Viveiro de darlle o nome de Hern\u00e1n Naval \u00f3 Conservatorio<\/a>. L\u00e9mbrase que estivo (e segue) proposto o nome para a Escola Municipal de M\u00fasica de Ribadeo, e tam\u00e9n que o modelo de conservatorio v\u00edao como unha competencia moitas veces non desexable para a correspondente escola municipal.<\/p>\n","protected":false},"excerpt":{"rendered":"<p>Na r\u00eda de Ribadeo sempre houbo unha certa competencia entre os ribeire\u00f1os e entre as entidades de poboaci\u00f3n da ribeira, como sucede en xeral entre veci\u00f1os. \u00c1s veces, esa competencia \u00e9 boa, pero \u00e1s veces, non. E desto segundo se trata. Envi\u00e1ronme documentaci\u00f3n sobre un caso que ven a enturbiar m\u00e1is o tema da nave [&hellip;]<\/p>\n","protected":false},"author":3,"featured_media":0,"comment_status":"open","ping_status":"closed","sticky":false,"template":"","format":"standard","meta":{"activitypub_content_warning":"","activitypub_content_visibility":"","activitypub_max_image_attachments":3,"activitypub_interaction_policy_quote":"anyone","activitypub_status":"federated","footnotes":""},"categories":[1],"tags":[21,57,51,26,56,70,9],"class_list":["post-9603","post","type-post","status-publish","format-standard","hentry","category-sen-categoria","tag-economia","tag-fotos-ria-de-ribadeo","tag-hernan-naval","tag-medio","tag-ria","tag-ruido","tag-sociedade"],"_links":{"self":[{"href":"https:\/\/blogs.amarinha.gal\/ribadeando\/wp-json\/wp\/v2\/posts\/9603","targetHints":{"allow":["GET"]}}],"collection":[{"href":"https:\/\/blogs.amarinha.gal\/ribadeando\/wp-json\/wp\/v2\/posts"}],"about":[{"href":"https:\/\/blogs.amarinha.gal\/ribadeando\/wp-json\/wp\/v2\/types\/post"}],"author":[{"embeddable":true,"href":"https:\/\/blogs.amarinha.gal\/ribadeando\/wp-json\/wp\/v2\/users\/3"}],"replies":[{"embeddable":true,"href":"https:\/\/blogs.amarinha.gal\/ribadeando\/wp-json\/wp\/v2\/comments?post=9603"}],"version-history":[{"count":0,"href":"https:\/\/blogs.amarinha.gal\/ribadeando\/wp-json\/wp\/v2\/posts\/9603\/revisions"}],"wp:attachment":[{"href":"https:\/\/blogs.amarinha.gal\/ribadeando\/wp-json\/wp\/v2\/media?parent=9603"}],"wp:term":[{"taxonomy":"category","embeddable":true,"href":"https:\/\/blogs.amarinha.gal\/ribadeando\/wp-json\/wp\/v2\/categories?post=9603"},{"taxonomy":"post_tag","embeddable":true,"href":"https:\/\/blogs.amarinha.gal\/ribadeando\/wp-json\/wp\/v2\/tags?post=9603"}],"curies":[{"name":"wp","href":"https:\/\/api.w.org\/{rel}","templated":true}]}}