{"id":9187,"date":"2009-02-06T08:53:00","date_gmt":"2009-02-06T07:53:00","guid":{"rendered":""},"modified":"2024-11-12T15:21:37","modified_gmt":"2024-11-12T14:21:37","slug":"pensamentos-xuridicos","status":"publish","type":"post","link":"https:\/\/blogs.amarinha.gal\/ribadeando\/2009\/02\/06\/pensamentos-xuridicos\/","title":{"rendered":"Pensamentos xur\u00eddicos"},"content":{"rendered":"<p>En raz\u00f3n da secretar\u00eda de O Tes\u00f3n, tento facerme con algunha informaci\u00f3n que doutro xeito non se me pasar\u00eda pola cabeza recoller. Entre esa e outra de tipo aprticular, vexo cada vez m\u00e1is claro o obscuro da administraci\u00f3n, tentando tapar todos os seus actos detr\u00e1s do desco\u00f1ecemento e uso abusivo de normas legais.<br \/>\nRemato agora de estar repasando o informe relativo a alegaci\u00f3ns \u00e1 Ordenanza reguladora do Hospital Asilo no que respecta \u00e1s alegaci\u00f3ns de O Tes\u00f3n. Dun xeito r\u00e1pido, cabe dicir en primeiro lugar que o informe non foi remitido a asociaci\u00f3n.<br \/>\nAsemade, que, en aras da posibilidade legal que existe, o informe permite que non exista m\u00e1is que a referencia a unha lei xeral, supo\u00f1endo a s\u00faa aplicaci\u00f3n prevalente sobre a norma particular, e sen concretar na norma particular as mesmas cousas que na lei xeral. Isto, que en principio pode parecer unha simplifaci\u00f3n para aclarar a normativa, en realidade \u00e9 un muro m\u00e1is que se levanta \u00f3 non depender o servizo suxeito \u00e1 norma dun xeito comprensivo dista, sen\u00f3n que calquera que tente comprender a norma debe adem\u00e1is bucear por leis diversas de rango superior.<br \/>\nNo extremo oposto, a incomprensi\u00f3n pola redacci\u00f3n de frases t\u00f3mase como un xu\u00edzo de valor; algo que \u00e9 certo, pois seguro que quen o redactou o entende e polo tanto ten diferente valor para uns e outros, pero que entrampa o feito de que, se se fai unha an\u00e1lise &#8216;externo&#8217;, hai unha probabilidade elevada de que non sexa entendido e interpretado correctamente. Polo contrario, case a rengl\u00f3n seguido, desestima outra alegaci\u00f3n porque &#8220;a proposta (&#8230;) parece axeitada&#8221;. Simplesmente, estase aceitando a denegaci\u00f3n por un xu\u00edzo de valor.<br \/>\nEn fin, promet\u00edn ser r\u00e1pido por falta de tempo, pero non sen antes comentar outra cousa: a pesar das alegaci\u00f3ns, perm\u00edtese que os servizos complementarios podan ser de pago complementario, e non se establecen diferencias de servizo para diferentes prezos, denegando asemade cousas como a obriga de tere un protocolo para tratamento de problemas mentais por ser unha cuesti\u00f3n que &#8216;corresponder\u00e1 \u00f3 personal especializado&#8217;.<br \/>\n\u00c9 dicir, nuns casos, aproveitando a lexislaci\u00f3n para abstraer a comprensi\u00f3n, noutros, dando \u00e1 subxectividade valor e noutros, botando bal\u00f3ns f\u00f3ra. E, en todos, tentando de que o co\u00f1ecemento non chegue \u00e1 xente. Estamos no s\u00e9culo XXI.<br \/>\nPor certo, fago a aclaraci\u00f3n pertinente: como non especialista legal, o anterior pode e debe tomarse como elucubraci\u00f3ns mentais a modo de ficci\u00f3n legal.<\/p>\n","protected":false},"excerpt":{"rendered":"<p>En raz\u00f3n da secretar\u00eda de O Tes\u00f3n, tento facerme con algunha informaci\u00f3n que doutro xeito non se me pasar\u00eda pola cabeza recoller. Entre esa e outra de tipo aprticular, vexo cada vez m\u00e1is claro o obscuro da administraci\u00f3n, tentando tapar todos os seus actos detr\u00e1s do desco\u00f1ecemento e uso abusivo de normas legais. Remato agora [&hellip;]<\/p>\n","protected":false},"author":3,"featured_media":0,"comment_status":"open","ping_status":"closed","sticky":false,"template":"","format":"standard","meta":{"activitypub_content_warning":"","activitypub_content_visibility":"","activitypub_max_image_attachments":3,"activitypub_interaction_policy_quote":"anyone","activitypub_status":"federated","footnotes":""},"categories":[1],"tags":[32,74],"class_list":["post-9187","post","type-post","status-publish","format-standard","hentry","category-sen-categoria","tag-filosofia","tag-o-teson"],"_links":{"self":[{"href":"https:\/\/blogs.amarinha.gal\/ribadeando\/wp-json\/wp\/v2\/posts\/9187","targetHints":{"allow":["GET"]}}],"collection":[{"href":"https:\/\/blogs.amarinha.gal\/ribadeando\/wp-json\/wp\/v2\/posts"}],"about":[{"href":"https:\/\/blogs.amarinha.gal\/ribadeando\/wp-json\/wp\/v2\/types\/post"}],"author":[{"embeddable":true,"href":"https:\/\/blogs.amarinha.gal\/ribadeando\/wp-json\/wp\/v2\/users\/3"}],"replies":[{"embeddable":true,"href":"https:\/\/blogs.amarinha.gal\/ribadeando\/wp-json\/wp\/v2\/comments?post=9187"}],"version-history":[{"count":0,"href":"https:\/\/blogs.amarinha.gal\/ribadeando\/wp-json\/wp\/v2\/posts\/9187\/revisions"}],"wp:attachment":[{"href":"https:\/\/blogs.amarinha.gal\/ribadeando\/wp-json\/wp\/v2\/media?parent=9187"}],"wp:term":[{"taxonomy":"category","embeddable":true,"href":"https:\/\/blogs.amarinha.gal\/ribadeando\/wp-json\/wp\/v2\/categories?post=9187"},{"taxonomy":"post_tag","embeddable":true,"href":"https:\/\/blogs.amarinha.gal\/ribadeando\/wp-json\/wp\/v2\/tags?post=9187"}],"curies":[{"name":"wp","href":"https:\/\/api.w.org\/{rel}","templated":true}]}}