{"id":8918,"date":"2009-07-03T20:21:00","date_gmt":"2009-07-03T18:21:00","guid":{"rendered":""},"modified":"2024-11-12T15:13:37","modified_gmt":"2024-11-12T14:13:37","slug":"conece-o-teu-concello-conece-tua","status":"publish","type":"post","link":"https:\/\/blogs.amarinha.gal\/ribadeando\/2009\/07\/03\/conece-o-teu-concello-conece-tua\/","title":{"rendered":"Co\u00f1ece o teu Concello, co\u00f1ece a t\u00faa Provincia"},"content":{"rendered":"<p>Co\u00f1ece o teu Concello, co\u00f1ece a t\u00faa Provincia<\/p>\n<p>Como xa dixemos nun artigo anterior, dende o d\u00eda 1 ao 4 de Xu\u00f1o  se estivo a departir o cursi\u00f1o &#8220;Co\u00f1ece o teu Concello, co\u00f1ece a t\u00faa Provincia&#8221; de 20 horas lectivas, impartidas pola profesora Elena e organizado pola Vicepresidencia Terceira da Deputaci\u00f3n de Lugo.<\/p>\n<p>O programa consistiu en un 1\u00ba d\u00eda: onde se contou a historia do Concello. Lendas, contos e an\u00e9cdotas que forman parte da cultura popular. A transmisi\u00f3n oral da historia local.<\/p>\n<p>2\u00ba d\u00eda. Practicar as habilidades sociais: aprender a comunicar os nosos co\u00f1ecementos a un grupo de persoas (relatado no artigo anterior).<\/p>\n<p>3\u00ba d\u00eda. Posta en pr\u00e1ctica dos co\u00f1ecementos adquiridos: visita guiada polos alumnos na vila.<\/p>\n<p>4\u00ba d\u00eda. Presentaci\u00f3n de un circu\u00edto guiado modelo pola vila.<\/p>\n<p>Pois ben. Os alumnos fixemos un circu\u00edto comezando pola Praza de Espa\u00f1a, r\u00faa Bos Aires, volta polo paseo mar\u00edtimo, subida a Cabanela, paseo por Porcill\u00e1n, subida polas escaleiras cara \u00e1 capela de San Miguel, paseo ata o Cargadeiro de mineral, e volta polo Grupo San Miguel, avenida de Rosal\u00eda de Castro  e terminando na esquina do Teatro.<\/p>\n<p>Pero o d\u00eda 24, cando nos visitaron os cursillistas da Ribeira Sacra de Monforte e de Pant\u00f3n, comezamos as explicaci\u00f3ns o rev\u00e9s. Pareceunos que sendo Ribadeo porto de mar, fix\u00e9ramos a entrada como vindo en barco, de fora cara dentro. Circu\u00edto m\u00e1is l\u00f3xico, pois os turistas tr\u00e1tase de atraelos \u00f3 pobo, o seu centro neur\u00e1lxico da historia, do comercio e do ambiente de diversi\u00f3n e de marcha. Por tanto o autob\u00fas deixounos na \u00e1rea do antigo cargadeiro de mineral e vi\u00f1emos vindo, pola capela de San Miguel, baixamos a escaleira para o peirao deportivo, recorremos Porcill\u00e1n e gustoulles, (&#8220;olvid\u00e1monos&#8221; de ensinarlles as obras de Cabanela) e subimos por Antonio Otero, comentando as historias e desenrolo das casas almacenes do porto, da Casa Armadora de Bengoechea e logo Bustelo, a Escola de Na\u00fatica, a casa da madre de Del Rio, e un pouco m\u00e1is arriba a casa de Navarro Reverter, logo cruzamos por case fronte \u00e1 Casa da Xuventude cara \u00e1 Praza da Fonte dos Catro Ca\u00f1os, e na calle de Amando P\u00e9rez, vemos os escudos her\u00e1ldicos da Casa de Miranda e lles contamos a lenda das Cen Doncelas, a cuxo tributo contribu\u00edan os veci\u00f1os da R\u00eda de Ribadeo, subimos e torcemos a esquerda pola Praza de Abaixo, e sa\u00edmos a Praza de Espa\u00f1a pola calle da Fortaleza. F\u00f3moslles explicando os edificios principais, que rodean esta axardinada praza. Falamos sobre do Pazo dos Moreno, da Casa do Concello, antigo Pazo de Iba\u00f1ez, da Aduana, do convento de Santa Clara, e do convento de San Francisco a actual igrexa parroquial de Santa Mar\u00eda do Campo. Recorremos a calle San Francisco, mostr\u00e1ndolles a casa da antiga aduana, torcemos a direita pola Avenida de Asturias, e chegamos a Praza de Abastos de Ram\u00f3n Gonz\u00e1lez, baixamos ata a esquina de Gayol e recorremos as casas se\u00f1oriais de San Roque e casas de indianos, ata a Casa Rosa do medio (que non \u00e9 de indianos, pero pareceo), logo voltamos polas catro calles e o autob\u00fas que recoll\u00eda os da Ribeira Sacra, esper\u00e1banos diante da Oficina nova de Informaci\u00f3n e Turismo.<\/p>\n<p>O pobo gustoulles moito, pero non puidemos ensinarlles o Forte de San Dami\u00e1n para darlles unha mellor explicaci\u00f3n pois sempre est\u00e1 pechado e para eles foi unha decepci\u00f3n atopar tam\u00e9n a igrexa parroquial pechada, pois son xente de igrexas posto que na Ribeira Sacra te\u00f1en unha ruta que conservan como ouro en pano, de 10 igrexas (San Nicolao de Portomar\u00edn,  Santo Estevo de Ribas de Mi\u00f1o e San Paio de Diomondi en O Savi\u00f1ao, San Estevo de Chouz\u00e1n en Carballedo, San Miguel de Eir\u00e9 e San Vicente de Pombeiro en Pant\u00f3n, Santo Estevo de Ribas do Sil en Luintra, Santa Cristina de Ribas do Sil en Parada do Sil, San Pedro de Rocas en Esgos e o Mosteiro de Santa Mar\u00eda Montederramo en Montederramo, e ademais San Fiz de Cangas, igrexa rom\u00e1nica antigo mosteiro de monxas beneditinas citado xa en documentos de 1108 e 1119). A fealdade tan a vista do deterioro do Pazo dos Moreno debera de ser un tema a resolver, dif\u00edcil, pero debe resolverse, as\u00ed como, o das casas sin cristais na Praza de Espa\u00f1a que deberan po\u00f1erllos e pintalas, a\u00ednda que solo fora como &#8220;atrezzo&#8221; para a estaci\u00f3n veraniega en que tanta xente nos visita.<\/p>\n<p>Francisco J. Campos Dorado<\/p>\n","protected":false},"excerpt":{"rendered":"<p>Co\u00f1ece o teu Concello, co\u00f1ece a t\u00faa Provincia Como xa dixemos nun artigo anterior, dende o d\u00eda 1 ao 4 de Xu\u00f1o se estivo a departir o cursi\u00f1o &#8220;Co\u00f1ece o teu Concello, co\u00f1ece a t\u00faa Provincia&#8221; de 20 horas lectivas, impartidas pola profesora Elena e organizado pola Vicepresidencia Terceira da Deputaci\u00f3n de Lugo. O programa [&hellip;]<\/p>\n","protected":false},"author":3,"featured_media":0,"comment_status":"open","ping_status":"closed","sticky":false,"template":"","format":"standard","meta":{"activitypub_content_warning":"","activitypub_content_visibility":"","activitypub_max_image_attachments":3,"activitypub_interaction_policy_quote":"anyone","activitypub_status":"federate","footnotes":""},"categories":[1],"tags":[10,46,9],"class_list":["post-8918","post","type-post","status-publish","format-standard","hentry","category-sen-categoria","tag-cultura","tag-pancho-campos","tag-sociedade"],"_links":{"self":[{"href":"https:\/\/blogs.amarinha.gal\/ribadeando\/wp-json\/wp\/v2\/posts\/8918","targetHints":{"allow":["GET"]}}],"collection":[{"href":"https:\/\/blogs.amarinha.gal\/ribadeando\/wp-json\/wp\/v2\/posts"}],"about":[{"href":"https:\/\/blogs.amarinha.gal\/ribadeando\/wp-json\/wp\/v2\/types\/post"}],"author":[{"embeddable":true,"href":"https:\/\/blogs.amarinha.gal\/ribadeando\/wp-json\/wp\/v2\/users\/3"}],"replies":[{"embeddable":true,"href":"https:\/\/blogs.amarinha.gal\/ribadeando\/wp-json\/wp\/v2\/comments?post=8918"}],"version-history":[{"count":0,"href":"https:\/\/blogs.amarinha.gal\/ribadeando\/wp-json\/wp\/v2\/posts\/8918\/revisions"}],"wp:attachment":[{"href":"https:\/\/blogs.amarinha.gal\/ribadeando\/wp-json\/wp\/v2\/media?parent=8918"}],"wp:term":[{"taxonomy":"category","embeddable":true,"href":"https:\/\/blogs.amarinha.gal\/ribadeando\/wp-json\/wp\/v2\/categories?post=8918"},{"taxonomy":"post_tag","embeddable":true,"href":"https:\/\/blogs.amarinha.gal\/ribadeando\/wp-json\/wp\/v2\/tags?post=8918"}],"curies":[{"name":"wp","href":"https:\/\/api.w.org\/{rel}","templated":true}]}}