{"id":8648,"date":"2009-11-24T07:35:00","date_gmt":"2009-11-24T06:35:00","guid":{"rendered":""},"modified":"2024-11-12T15:05:57","modified_gmt":"2024-11-12T14:05:57","slug":"contraluz","status":"publish","type":"post","link":"https:\/\/blogs.amarinha.gal\/ribadeando\/2009\/11\/24\/contraluz\/","title":{"rendered":"A contraluz"},"content":{"rendered":"<p><a onblur=\"try {parent.deselectBloggerImageGracefully();} catch(e) {}\" href=\"https:\/\/blogger.googleusercontent.com\/img\/b\/R29vZ2xl\/AVvXsEiCJll1AfK5n-8wtDO8W3LV56M_ThiDwZ9Dhx8q9ZXdyxi0VpqSWSnXLcwQwmilSDZ56yFs0UPTOrkgSAoPcf7LtTXiFOpuWrjksZwUiXvz0IbrzsWhEiSh-Counv-7SjTaaHhEZA\/s2048\/ascensor+detalle+porta+principal.jpg\"><img decoding=\"async\" src=\"https:\/\/blogger.googleusercontent.com\/img\/b\/R29vZ2xl\/AVvXsEiCJll1AfK5n-8wtDO8W3LV56M_ThiDwZ9Dhx8q9ZXdyxi0VpqSWSnXLcwQwmilSDZ56yFs0UPTOrkgSAoPcf7LtTXiFOpuWrjksZwUiXvz0IbrzsWhEiSh-Counv-7SjTaaHhEZA\/s2048\/ascensor+detalle+porta+principal.jpg\" alt=\"\" \/><\/a>En Ribadeo non se pode esquecer a r\u00eda. Alomenos, non se debe, se se quere ter conciencia do pobo ou mesmo vivir coas posibilidades que ofrece. Ou se se quere saber boa parte do que pasa en Ribadeo.<br \/>\nAs fotos est\u00e1n tomadas esta fin de semana. A porta principal baixa do ascensor da Atalaia, que polo momento est\u00e1 sen nome a pesares do acertado alcume de Gai\u00e1s de Ribadeo, xa con cancela, o mesmo que a lateral, e unha imaxe de ascensor-ra\u00f1aceos son actuais.<br \/>\nO sal, un mont\u00f3n perto da lonxa, tam\u00e9n \u00e9 actual, e para ver o seu tama\u00f1o chega con comprobar que, dende o paseo Alfonso Rodr\u00edguez Castelao, das Figueiras s\u00f3 se ve a punta da gr\u00faa de Gond\u00e1n, e de Castropol, como non ten gr\u00faa desas dimensi\u00f3ns, non se ve nada. Como contraste, e de recheo en recheo, o resto que queda en Mirasol dos dous mont\u00f3ns que pasaron o ano al\u00ed: un cacho dun, por certo cunha beira nunha pendente inveros\u00edmil para un mont\u00f3n de sal, e unha franxa nela que fai outra curiosidade m\u00e1is.<br \/>\nA \u00faltima foto, Castropol a contraluz, pola ma\u00f1\u00e1, non \u00e9 mi\u00f1a. Nela p\u00f3dese ver a axitaci\u00f3n da auga coa marea baixando e as ondas reflectidas no espig\u00f3n do porto pesqueiro.<br \/>\n<a onblur=\"try {parent.deselectBloggerImageGracefully();} catch(e) {}\" href=\"https:\/\/blogger.googleusercontent.com\/img\/b\/R29vZ2xl\/AVvXsEjmgs9Mgi3i4aWAx1XiZaw7GeaBc4s1LZvfWsjjTmS4U2eljj__FQHhPax14ExjPGu7sxWr2htHDbBQ7hrT6uAQm0In0XLTvFaNG6SlJNu1n78ToOlrElm46Ee5L-CNOMFtAZ5EXw\/s2048\/ascensor+detalle+porta+lateral.jpg\"><img decoding=\"async\" src=\"https:\/\/blogger.googleusercontent.com\/img\/b\/R29vZ2xl\/AVvXsEjmgs9Mgi3i4aWAx1XiZaw7GeaBc4s1LZvfWsjjTmS4U2eljj__FQHhPax14ExjPGu7sxWr2htHDbBQ7hrT6uAQm0In0XLTvFaNG6SlJNu1n78ToOlrElm46Ee5L-CNOMFtAZ5EXw\/s2048\/ascensor+detalle+porta+lateral.jpg\" alt=\"\" \/><\/a><br \/>\n<a onblur=\"try {parent.deselectBloggerImageGracefully();} catch(e) {}\" href=\"https:\/\/blogger.googleusercontent.com\/img\/b\/R29vZ2xl\/AVvXsEiQzvTKWdXXGpohpDIYKx0hVfgLs2U-XfFHaRNx2dMVA8ig99RCCmr6AZxaabAzGVOJX9DD-mclVb6VQnqY5nSgGI2FO6wVMpmqdA6cyKUjiGfPSFR4bBGYjrxLz1Os9IZ9fodf6w\/s2048\/ascensor+torre.JPG\"><img decoding=\"async\" src=\"https:\/\/blogger.googleusercontent.com\/img\/b\/R29vZ2xl\/AVvXsEiQzvTKWdXXGpohpDIYKx0hVfgLs2U-XfFHaRNx2dMVA8ig99RCCmr6AZxaabAzGVOJX9DD-mclVb6VQnqY5nSgGI2FO6wVMpmqdA6cyKUjiGfPSFR4bBGYjrxLz1Os9IZ9fodf6w\/s2048\/ascensor+torre.JPG\" alt=\"\" \/><\/a><br \/>\n<a onblur=\"try {parent.deselectBloggerImageGracefully();} catch(e) {}\" href=\"https:\/\/blogger.googleusercontent.com\/img\/b\/R29vZ2xl\/AVvXsEiWTjzv4HZzOJGLlMufykmN7DjknnBXt2TArtqBnGYd-uPiq9PvR0rfPpEtq49hMYUilLn1Mqw5X2315iApk4a_njfxI356iGYIUaN0xKle-QtEVOW-IiI9-wXymnhioMPzuWddLw\/s2048\/Sal+Figueiras.JPG\"><img decoding=\"async\" src=\"https:\/\/blogger.googleusercontent.com\/img\/b\/R29vZ2xl\/AVvXsEiWTjzv4HZzOJGLlMufykmN7DjknnBXt2TArtqBnGYd-uPiq9PvR0rfPpEtq49hMYUilLn1Mqw5X2315iApk4a_njfxI356iGYIUaN0xKle-QtEVOW-IiI9-wXymnhioMPzuWddLw\/s2048\/Sal+Figueiras.JPG\" alt=\"\" \/><\/a><br \/>\n<a onblur=\"try {parent.deselectBloggerImageGracefully();} catch(e) {}\" href=\"https:\/\/blogger.googleusercontent.com\/img\/b\/R29vZ2xl\/AVvXsEj5ysZ9x5vcSI8YeocFFmiDrC6fPTngrgpaZHwDjP2m0I7M2EAgmXvMlcAF4PLzSPxXYksheA0FLl3eOW7zmbIAugktT-Swom4B00bFm0XfIpfmiBuEgx0XeB3ve-2Yk9YKxzYsFg\/s2048\/sal+Castropol.JPG\"><img decoding=\"async\" src=\"https:\/\/blogger.googleusercontent.com\/img\/b\/R29vZ2xl\/AVvXsEj5ysZ9x5vcSI8YeocFFmiDrC6fPTngrgpaZHwDjP2m0I7M2EAgmXvMlcAF4PLzSPxXYksheA0FLl3eOW7zmbIAugktT-Swom4B00bFm0XfIpfmiBuEgx0XeB3ve-2Yk9YKxzYsFg\/s2048\/sal+Castropol.JPG\" alt=\"\" \/><\/a><br \/>\n<a onblur=\"try {parent.deselectBloggerImageGracefully();} catch(e) {}\" href=\"https:\/\/blogger.googleusercontent.com\/img\/b\/R29vZ2xl\/AVvXsEjIO_dTSg7rBVKQufg3I18cjyYDXId2Ka3Ho_QR3NLNhh9vxsLTuvLZZuPaGF7zEANB7L5u17aTpMMCA7LN3YSziHkgYhNaOLdxZpIVEwf7cQhms1h59C37S8LPDu_AscGA_FNOSQ\/s2048\/sal+vella.jpg\"><img decoding=\"async\" src=\"https:\/\/blogger.googleusercontent.com\/img\/b\/R29vZ2xl\/AVvXsEjIO_dTSg7rBVKQufg3I18cjyYDXId2Ka3Ho_QR3NLNhh9vxsLTuvLZZuPaGF7zEANB7L5u17aTpMMCA7LN3YSziHkgYhNaOLdxZpIVEwf7cQhms1h59C37S8LPDu_AscGA_FNOSQ\/s2048\/sal+vella.jpg\" alt=\"\" \/><\/a><br \/>\n<a onblur=\"try {parent.deselectBloggerImageGracefully();} catch(e) {}\" href=\"https:\/\/blogger.googleusercontent.com\/img\/b\/R29vZ2xl\/AVvXsEiHb0OqrIyLvrXQUFoXNPVLNXg2CMXrn1-a81sLXuhNp6_-oMyzr94MbeWnt_NTl3tfQwPxNAacP_dMPDJHQBQDf81f85RNVAv-nf1paD0-O4DUC3XyIiuEBtKsPDLD1vNvS7PcsA\/s2048\/Castropol+a+contraluz.jpg\"><img decoding=\"async\" src=\"https:\/\/blogger.googleusercontent.com\/img\/b\/R29vZ2xl\/AVvXsEiHb0OqrIyLvrXQUFoXNPVLNXg2CMXrn1-a81sLXuhNp6_-oMyzr94MbeWnt_NTl3tfQwPxNAacP_dMPDJHQBQDf81f85RNVAv-nf1paD0-O4DUC3XyIiuEBtKsPDLD1vNvS7PcsA\/s2048\/Castropol+a+contraluz.jpg\" alt=\"\" \/><\/a><\/p>\n","protected":false},"excerpt":{"rendered":"<p>En Ribadeo non se pode esquecer a r\u00eda. Alomenos, non se debe, se se quere ter conciencia do pobo ou mesmo vivir coas posibilidades que ofrece. Ou se se quere saber boa parte do que pasa en Ribadeo. As fotos est\u00e1n tomadas esta fin de semana. A porta principal baixa do ascensor da Atalaia, que [&hellip;]<\/p>\n","protected":false},"author":3,"featured_media":0,"comment_status":"open","ping_status":"closed","sticky":false,"template":"","format":"standard","meta":{"activitypub_content_warning":"","activitypub_content_visibility":"","activitypub_max_image_attachments":3,"activitypub_interaction_policy_quote":"anyone","activitypub_status":"federate","footnotes":""},"categories":[1],"tags":[57],"class_list":["post-8648","post","type-post","status-publish","format-standard","hentry","category-sen-categoria","tag-fotos-ria-de-ribadeo"],"_links":{"self":[{"href":"https:\/\/blogs.amarinha.gal\/ribadeando\/wp-json\/wp\/v2\/posts\/8648","targetHints":{"allow":["GET"]}}],"collection":[{"href":"https:\/\/blogs.amarinha.gal\/ribadeando\/wp-json\/wp\/v2\/posts"}],"about":[{"href":"https:\/\/blogs.amarinha.gal\/ribadeando\/wp-json\/wp\/v2\/types\/post"}],"author":[{"embeddable":true,"href":"https:\/\/blogs.amarinha.gal\/ribadeando\/wp-json\/wp\/v2\/users\/3"}],"replies":[{"embeddable":true,"href":"https:\/\/blogs.amarinha.gal\/ribadeando\/wp-json\/wp\/v2\/comments?post=8648"}],"version-history":[{"count":0,"href":"https:\/\/blogs.amarinha.gal\/ribadeando\/wp-json\/wp\/v2\/posts\/8648\/revisions"}],"wp:attachment":[{"href":"https:\/\/blogs.amarinha.gal\/ribadeando\/wp-json\/wp\/v2\/media?parent=8648"}],"wp:term":[{"taxonomy":"category","embeddable":true,"href":"https:\/\/blogs.amarinha.gal\/ribadeando\/wp-json\/wp\/v2\/categories?post=8648"},{"taxonomy":"post_tag","embeddable":true,"href":"https:\/\/blogs.amarinha.gal\/ribadeando\/wp-json\/wp\/v2\/tags?post=8648"}],"curies":[{"name":"wp","href":"https:\/\/api.w.org\/{rel}","templated":true}]}}