{"id":8575,"date":"2010-01-04T16:43:00","date_gmt":"2010-01-04T15:43:00","guid":{"rendered":""},"modified":"2024-11-12T15:03:51","modified_gmt":"2024-11-12T14:03:51","slug":"aprendendo-de-pineira","status":"publish","type":"post","link":"https:\/\/blogs.amarinha.gal\/ribadeando\/2010\/01\/04\/aprendendo-de-pineira\/","title":{"rendered":"Aprendendo de Pi\u00f1eira"},"content":{"rendered":"<p>Un folio na porta dunha igrexa, un avance social? Porque iso foi o que vin esta ma\u00f1\u00e1 na igrexa de Pi\u00f1eira. \u00bf? Se o folio se refire \u00e1 daci\u00f3n de contas da \u00faltima festa da parroquia, significa que o domingo ser\u00e1 de dominio p\u00fablico a informaci\u00f3n publicitada, informaci\u00f3n da que dispor\u00e1n t\u00f3dolos veci\u00f1os. \u00c9 ou non un avance? Coido que nos tempos que corren si o \u00e9,  a pesares de non ser a primeira vez (nin moito menos) que se produce algo semellante. Non me estou a referir a unha cousa concreta. Poder\u00eda ser o balance das festas, como en Pi\u00f1eira, pero tam\u00e9n moitas outras informaci\u00f3ns \u00e1s que o pobo debera ter acceso inmediato. Por exemplo, as actas dos plenos, non <a href=\"http:\/\/www.ribadeo.org\/eadministracion\/plenosd.php?id=23&amp;lg=gal\">actualizadas na web do concello dende agosto<\/a>, ou o calendario para este ano presente, tendo conta que xa houbo un primeiro intento e na web do concello aparece o <a href=\"http:\/\/www.ribadeo.org\/interior.php?txt=arbore_web14&amp;lg=gal\">calendario laboral &#8230; para o 2008<\/a>.<\/p>\n","protected":false},"excerpt":{"rendered":"<p>Un folio na porta dunha igrexa, un avance social? Porque iso foi o que vin esta ma\u00f1\u00e1 na igrexa de Pi\u00f1eira. \u00bf? Se o folio se refire \u00e1 daci\u00f3n de contas da \u00faltima festa da parroquia, significa que o domingo ser\u00e1 de dominio p\u00fablico a informaci\u00f3n publicitada, informaci\u00f3n da que dispor\u00e1n t\u00f3dolos veci\u00f1os. \u00c9 ou [&hellip;]<\/p>\n","protected":false},"author":3,"featured_media":0,"comment_status":"open","ping_status":"closed","sticky":false,"template":"","format":"standard","meta":{"activitypub_content_warning":"","activitypub_content_visibility":"","activitypub_max_image_attachments":3,"activitypub_interaction_policy_quote":"anyone","activitypub_status":"federate","footnotes":""},"categories":[1],"tags":[8,9],"class_list":["post-8575","post","type-post","status-publish","format-standard","hentry","category-sen-categoria","tag-blog","tag-sociedade"],"_links":{"self":[{"href":"https:\/\/blogs.amarinha.gal\/ribadeando\/wp-json\/wp\/v2\/posts\/8575","targetHints":{"allow":["GET"]}}],"collection":[{"href":"https:\/\/blogs.amarinha.gal\/ribadeando\/wp-json\/wp\/v2\/posts"}],"about":[{"href":"https:\/\/blogs.amarinha.gal\/ribadeando\/wp-json\/wp\/v2\/types\/post"}],"author":[{"embeddable":true,"href":"https:\/\/blogs.amarinha.gal\/ribadeando\/wp-json\/wp\/v2\/users\/3"}],"replies":[{"embeddable":true,"href":"https:\/\/blogs.amarinha.gal\/ribadeando\/wp-json\/wp\/v2\/comments?post=8575"}],"version-history":[{"count":0,"href":"https:\/\/blogs.amarinha.gal\/ribadeando\/wp-json\/wp\/v2\/posts\/8575\/revisions"}],"wp:attachment":[{"href":"https:\/\/blogs.amarinha.gal\/ribadeando\/wp-json\/wp\/v2\/media?parent=8575"}],"wp:term":[{"taxonomy":"category","embeddable":true,"href":"https:\/\/blogs.amarinha.gal\/ribadeando\/wp-json\/wp\/v2\/categories?post=8575"},{"taxonomy":"post_tag","embeddable":true,"href":"https:\/\/blogs.amarinha.gal\/ribadeando\/wp-json\/wp\/v2\/tags?post=8575"}],"curies":[{"name":"wp","href":"https:\/\/api.w.org\/{rel}","templated":true}]}}