{"id":8574,"date":"2010-01-05T08:03:00","date_gmt":"2010-01-05T07:03:00","guid":{"rendered":""},"modified":"2024-11-12T15:03:50","modified_gmt":"2024-11-12T14:03:50","slug":"sobre-galicia-parte-dunha-entrevista","status":"publish","type":"post","link":"https:\/\/blogs.amarinha.gal\/ribadeando\/2010\/01\/05\/sobre-galicia-parte-dunha-entrevista\/","title":{"rendered":"Sobre Galicia? Parte dunha entrevista."},"content":{"rendered":"<p>&#8220;- Esa diversidade pode ser un impedimento para a integraci\u00f3n?<br \/>\n&#8211; Coido que non. Toda unidade fundada na unanimidade \u00e9 unha falsa unidade que non ten destino. A \u00fanica unidade digna de fe \u00e9 a unidade que existe na diversidade e na contradici\u00f3n das s\u00faas partes. Hai unha triste herdanza do estalinismo e iso que chamaron socialismo real ao longo do s\u00e9culo XX que traizoou a esperanza de mill\u00f3ns de persoas xustamente porque impuxo ese criterio, o de que a unidade \u00e9 a unanimidade. Confundiuse as\u00ed a pol\u00edtica coa relixi\u00f3n. Aplic\u00e1ronse criterios que eran habituais nos tempos da Santa Inquisici\u00f3n, cando toda diverxencia era unha herex\u00eda digna de castigo. Iso \u00e9 unha negaci\u00f3n da vida. \u00c9 unha especie de cegueira que te impide moverte porque o motor da historia humana \u00e9 a contradici\u00f3n.<br \/>\n(&#8230;) o problema \u00e9 a tentaci\u00f3n dunha palabra abominable: o liderado. Todos os pa\u00edses atrib\u00faense a intenci\u00f3n de exercelo e isto xera relaci\u00f3ns contaminadas pola orde xer\u00e1rquica que nega a igualdade de dereitos. Eu non quero que ningu\u00e9n sexa o meu l\u00edder. Non quero mandar nin ser mandado. Non nac\u00edn para obedecer. Nac\u00edn para exercer a mi\u00f1a liberdade de conciencia. Non podo aceptar a idea de que entre as persoas ou entre os pa\u00edses haxa condutores ou conducidos. Hai que ir cara a unha sociedade de veras libre.&#8221;<\/p>\n<p>Non, non \u00e9 sobre Galicia, \u00e9 referido a Am\u00e9rica Latina, tomado dunha entrevista \u00f3 autor de &#8216;<a href=\"http:\/\/es.wikipedia.org\/wiki\/Las_venas_abiertas_de_Am%C3%A9rica_Latina\">As veas abertas de Am\u00e9rica latina<\/a>&#8216;, <a href=\"http:\/\/gl.wikipedia.org\/wiki\/Eduardo_Galeano\">Eduardo Galeano<\/a>, que <a href=\"http:\/\/www.rebelion.org\/noticia.php?id=98070&amp;titular=%E2%80%9Cam%C3%A9rica-latina-est%C3%A1-exorcizando-la-cultura-de-la-impotencia%E2%80%9D-\">pode verse en &#8216;Rebeli\u00f3n&#8217;<\/a>. Pero, far\u00eda falta cambiar tanto para aplicalo a outros lugares?<\/p>\n","protected":false},"excerpt":{"rendered":"<p>&#8220;- Esa diversidade pode ser un impedimento para a integraci\u00f3n? &#8211; Coido que non. Toda unidade fundada na unanimidade \u00e9 unha falsa unidade que non ten destino. A \u00fanica unidade digna de fe \u00e9 a unidade que existe na diversidade e na contradici\u00f3n das s\u00faas partes. Hai unha triste herdanza do estalinismo e iso que [&hellip;]<\/p>\n","protected":false},"author":3,"featured_media":0,"comment_status":"open","ping_status":"closed","sticky":false,"template":"","format":"standard","meta":{"activitypub_content_warning":"","activitypub_content_visibility":"","activitypub_max_image_attachments":3,"activitypub_interaction_policy_quote":"anyone","activitypub_status":"federate","footnotes":""},"categories":[1],"tags":[32,13],"class_list":["post-8574","post","type-post","status-publish","format-standard","hentry","category-sen-categoria","tag-filosofia","tag-politica"],"_links":{"self":[{"href":"https:\/\/blogs.amarinha.gal\/ribadeando\/wp-json\/wp\/v2\/posts\/8574","targetHints":{"allow":["GET"]}}],"collection":[{"href":"https:\/\/blogs.amarinha.gal\/ribadeando\/wp-json\/wp\/v2\/posts"}],"about":[{"href":"https:\/\/blogs.amarinha.gal\/ribadeando\/wp-json\/wp\/v2\/types\/post"}],"author":[{"embeddable":true,"href":"https:\/\/blogs.amarinha.gal\/ribadeando\/wp-json\/wp\/v2\/users\/3"}],"replies":[{"embeddable":true,"href":"https:\/\/blogs.amarinha.gal\/ribadeando\/wp-json\/wp\/v2\/comments?post=8574"}],"version-history":[{"count":0,"href":"https:\/\/blogs.amarinha.gal\/ribadeando\/wp-json\/wp\/v2\/posts\/8574\/revisions"}],"wp:attachment":[{"href":"https:\/\/blogs.amarinha.gal\/ribadeando\/wp-json\/wp\/v2\/media?parent=8574"}],"wp:term":[{"taxonomy":"category","embeddable":true,"href":"https:\/\/blogs.amarinha.gal\/ribadeando\/wp-json\/wp\/v2\/categories?post=8574"},{"taxonomy":"post_tag","embeddable":true,"href":"https:\/\/blogs.amarinha.gal\/ribadeando\/wp-json\/wp\/v2\/tags?post=8574"}],"curies":[{"name":"wp","href":"https:\/\/api.w.org\/{rel}","templated":true}]}}