{"id":8564,"date":"2010-01-11T07:15:00","date_gmt":"2010-01-11T06:15:00","guid":{"rendered":""},"modified":"2024-11-12T15:03:35","modified_gmt":"2024-11-12T14:03:35","slug":"notas-de-prensa","status":"publish","type":"post","link":"https:\/\/blogs.amarinha.gal\/ribadeando\/2010\/01\/11\/notas-de-prensa\/","title":{"rendered":"Notas de prensa"},"content":{"rendered":"<p>Un novo incendio, xusto d\u00faas semanas despois do que deixou para o arrastre un piso no xard\u00edn, esta vez nun baixo desocupado en Calvo Sotelo, no edificio de cabeceira da r\u00faa.<br \/>\nO novo ano non traixo paz \u00f3 clube n\u00e1utico: se o d\u00eda 28\/12 dic\u00eda que a ver se a asamblea do 29 tra\u00eda a paz, agora xa est\u00e1 confirmado que non: <a href=\"http:\/\/www.lavozdegalicia.es\/amarina\/2010\/01\/10\/0003_8217397.htm\">un grupo de socios entregou un escrito pedindo a anulaci\u00f3n<\/a>.<br \/>\nSegue sen haber comentarios despois de que o Presidente Provincial do PP, M. Barreiro, pechara o proceso de substituci\u00f3n de J.C. Andina&#8230; e disto hai m\u00e1is dunha semana. Un proceso que pretend\u00eda ser democr\u00e1tico foino sendo cada vez menos.<\/p>\n","protected":false},"excerpt":{"rendered":"<p>Un novo incendio, xusto d\u00faas semanas despois do que deixou para o arrastre un piso no xard\u00edn, esta vez nun baixo desocupado en Calvo Sotelo, no edificio de cabeceira da r\u00faa. O novo ano non traixo paz \u00f3 clube n\u00e1utico: se o d\u00eda 28\/12 dic\u00eda que a ver se a asamblea do 29 tra\u00eda a [&hellip;]<\/p>\n","protected":false},"author":3,"featured_media":0,"comment_status":"open","ping_status":"closed","sticky":false,"template":"","format":"standard","meta":{"activitypub_content_warning":"","activitypub_content_visibility":"","activitypub_max_image_attachments":3,"activitypub_interaction_policy_quote":"anyone","activitypub_status":"federate","footnotes":""},"categories":[1],"tags":[9],"class_list":["post-8564","post","type-post","status-publish","format-standard","hentry","category-sen-categoria","tag-sociedade"],"_links":{"self":[{"href":"https:\/\/blogs.amarinha.gal\/ribadeando\/wp-json\/wp\/v2\/posts\/8564","targetHints":{"allow":["GET"]}}],"collection":[{"href":"https:\/\/blogs.amarinha.gal\/ribadeando\/wp-json\/wp\/v2\/posts"}],"about":[{"href":"https:\/\/blogs.amarinha.gal\/ribadeando\/wp-json\/wp\/v2\/types\/post"}],"author":[{"embeddable":true,"href":"https:\/\/blogs.amarinha.gal\/ribadeando\/wp-json\/wp\/v2\/users\/3"}],"replies":[{"embeddable":true,"href":"https:\/\/blogs.amarinha.gal\/ribadeando\/wp-json\/wp\/v2\/comments?post=8564"}],"version-history":[{"count":0,"href":"https:\/\/blogs.amarinha.gal\/ribadeando\/wp-json\/wp\/v2\/posts\/8564\/revisions"}],"wp:attachment":[{"href":"https:\/\/blogs.amarinha.gal\/ribadeando\/wp-json\/wp\/v2\/media?parent=8564"}],"wp:term":[{"taxonomy":"category","embeddable":true,"href":"https:\/\/blogs.amarinha.gal\/ribadeando\/wp-json\/wp\/v2\/categories?post=8564"},{"taxonomy":"post_tag","embeddable":true,"href":"https:\/\/blogs.amarinha.gal\/ribadeando\/wp-json\/wp\/v2\/tags?post=8564"}],"curies":[{"name":"wp","href":"https:\/\/api.w.org\/{rel}","templated":true}]}}