{"id":8562,"date":"2010-01-11T22:24:00","date_gmt":"2010-01-11T21:24:00","guid":{"rendered":""},"modified":"2024-11-12T15:03:30","modified_gmt":"2024-11-12T14:03:30","slug":"sobre-corrupcion-frases-lidas","status":"publish","type":"post","link":"https:\/\/blogs.amarinha.gal\/ribadeando\/2010\/01\/11\/sobre-corrupcion-frases-lidas\/","title":{"rendered":"Sobre corrupci\u00f3n. Frases lidas"},"content":{"rendered":"<p>Escolma de frases de <a href=\"http:\/\/www.temposdixital.com\/?p=2628\">Tempos novos<\/a>, nun debate con participaci\u00f3n de Xaime Subiela (moderador); Rafael Mart\u00ednez Castro, profesor de Filosof\u00eda na USC; Mar\u00eda Bastida, profesora de Empresas na USC e membro do Consello de Administraci\u00f3n da CRTVG; Antonio L\u00f3pez, conselleiro maior do Consello de Contas de Galicia; e Xos\u00e9 Manuel Sabucedo, profesor de psicolox\u00eda social da USC.<br \/>\n&#8220;O suxeito da corrupci\u00f3n non son os pol\u00edticos nin os empresarios. \u00c9 a cidadan\u00eda. \u00c9 a cidadan\u00eda a que reclama, vota, apoia e quere pol\u00edticos que te\u00f1en prezo accesible, porque non conf\u00eda nin confiou nunca na norma. Canto m\u00e1is nos acerquemos \u00e1 administaci\u00f3n municipal ou auton\u00f3mica, o problema agr\u00e1vase&#8221;.<br \/>\n&#8220;Se a corrupci\u00f3n sae gratis, seguirase cometendo&#8221;<br \/>\n&#8220;Din que distintos pensadores (&#8230;) que a peor corrupci\u00f3n \u00e9 a da \u00e9lite dominante, a do creador do opini\u00f3n. Porque eses creadores de opini\u00f3n transmiten a sensaci\u00f3n de que o que non \u00e9 corrupto \u00e9 parvo&#8221;<br \/>\n&#8220;A estratexia para superar os niveis de corrupci\u00f3n ser\u00eda que esta non compensara, que compensara a norma&#8221;<br \/>\n&#8220;O problema deste e doutros pa\u00edses non son as normas sen\u00f3n o seu cumprimento&#8221;<br \/>\n&#8220;Unha das posibles soluci\u00f3ns fronte a corrupci\u00f3n \u00e9 a transparencia&#8221;<br \/>\n&#8220;En \u00faltima instancia o aut\u00e9ntico control \u00e9 a sanci\u00f3n social&#8221;<br \/>\n&#8220;O cidad\u00e1n que fai a s\u00faa declaraci\u00f3n de impostos correctamente pode ter unha razoable satisfacci\u00f3n moral, que se traduza en que se converta nun cidad\u00e1n m\u00e1is esixente con respecto ao que se paga con eses impostos&#8221;<br \/>\n&#8220;(&#8230;) coido necesario identificar e polo tanto denunciar como pr\u00e1cticas corruptas moitos comportamentos que at\u00e9 o de agora na poboaci\u00f3n se te\u00f1en como habituais&#8221;<br \/>\n&#8220;Hai unha cesi\u00f3n da soberan\u00eda das decisi\u00f3ns a gobernos que est\u00e1n no oculto, que se expresan como xesti\u00f3n dos intereses de grandes corporaci\u00f3ns, lobbies e grupos de presi\u00f3n&#8221;<br \/>\n&#8220;(&#8230;) non vale a moral do vespino, non pode haber unha serie de cidad\u00e1ns que, dot\u00e1ndose de determinados veh\u00edculos, poidan transixir todas as normas do c\u00f3digo da circulaci\u00f3n&#8221;<br \/>\n&#8220;Pensar que a corrupci\u00f3n non ten sa\u00edda par\u00e9ceme preocupante porque entra no xogo dos corruptores. Os corruptores est\u00e1n interesados en dicir que o p\u00fablico non funciona&#8221;<\/p>\n","protected":false},"excerpt":{"rendered":"<p>Escolma de frases de Tempos novos, nun debate con participaci\u00f3n de Xaime Subiela (moderador); Rafael Mart\u00ednez Castro, profesor de Filosof\u00eda na USC; Mar\u00eda Bastida, profesora de Empresas na USC e membro do Consello de Administraci\u00f3n da CRTVG; Antonio L\u00f3pez, conselleiro maior do Consello de Contas de Galicia; e Xos\u00e9 Manuel Sabucedo, profesor de psicolox\u00eda social [&hellip;]<\/p>\n","protected":false},"author":3,"featured_media":0,"comment_status":"open","ping_status":"closed","sticky":false,"template":"","format":"standard","meta":{"activitypub_content_warning":"","activitypub_content_visibility":"","activitypub_max_image_attachments":3,"activitypub_interaction_policy_quote":"anyone","activitypub_status":"federate","footnotes":""},"categories":[1],"tags":[10,9],"class_list":["post-8562","post","type-post","status-publish","format-standard","hentry","category-sen-categoria","tag-cultura","tag-sociedade"],"_links":{"self":[{"href":"https:\/\/blogs.amarinha.gal\/ribadeando\/wp-json\/wp\/v2\/posts\/8562","targetHints":{"allow":["GET"]}}],"collection":[{"href":"https:\/\/blogs.amarinha.gal\/ribadeando\/wp-json\/wp\/v2\/posts"}],"about":[{"href":"https:\/\/blogs.amarinha.gal\/ribadeando\/wp-json\/wp\/v2\/types\/post"}],"author":[{"embeddable":true,"href":"https:\/\/blogs.amarinha.gal\/ribadeando\/wp-json\/wp\/v2\/users\/3"}],"replies":[{"embeddable":true,"href":"https:\/\/blogs.amarinha.gal\/ribadeando\/wp-json\/wp\/v2\/comments?post=8562"}],"version-history":[{"count":0,"href":"https:\/\/blogs.amarinha.gal\/ribadeando\/wp-json\/wp\/v2\/posts\/8562\/revisions"}],"wp:attachment":[{"href":"https:\/\/blogs.amarinha.gal\/ribadeando\/wp-json\/wp\/v2\/media?parent=8562"}],"wp:term":[{"taxonomy":"category","embeddable":true,"href":"https:\/\/blogs.amarinha.gal\/ribadeando\/wp-json\/wp\/v2\/categories?post=8562"},{"taxonomy":"post_tag","embeddable":true,"href":"https:\/\/blogs.amarinha.gal\/ribadeando\/wp-json\/wp\/v2\/tags?post=8562"}],"curies":[{"name":"wp","href":"https:\/\/api.w.org\/{rel}","templated":true}]}}