{"id":8550,"date":"2010-01-16T11:28:00","date_gmt":"2010-01-16T10:28:00","guid":{"rendered":""},"modified":"2024-11-12T15:03:09","modified_gmt":"2024-11-12T14:03:09","slug":"pleno-o-luns","status":"publish","type":"post","link":"https:\/\/blogs.amarinha.gal\/ribadeando\/2010\/01\/16\/pleno-o-luns\/","title":{"rendered":"Pleno o luns"},"content":{"rendered":"<p>De novo nos enteramos a cidadan\u00eda da existencia dun pleno por un punto concreto que sae na prensa. Neste caso, arredor da recuperaci\u00f3n de nichos por parte do concello (a lembrar que os lugares no cemiterio son de propiedade municipal, sendo cedidos por arrendamento de pago \u00fanico a 99 anos, o m\u00e1ximo permitido pola lei sen ceder dereitos de propiedade, \u00f3s que se soe chamar &#8216;propietarios&#8217;, pero que non o son) ante a que din saturaci\u00f3n do cemiterio. Eu non vexo polo momento tal saturaci\u00f3n, pero supo\u00f1o que o concello ter\u00e1 previsi\u00f3ns (que, nese caso, debera facer p\u00fablicas).<br \/>\nDe calquera xeito, a cuesti\u00f3n non \u00e9 o punto concreto do cemiterio, sen\u00f3n a escasa difusi\u00f3n da convocatoria do pleno, que<a href=\"http:\/\/ribadeando.blogspot.com\/2009\/11\/aleluia.html\"> ti\u00f1a a esperanza que por esta vez aparecera na web do concello cos puntos a tratar<\/a>. De a\u00ed a importancia de seguir insistindo no mantemento de relaci\u00f3ns entre as asociaci\u00f3ns e o concello, para tentar aproximar a xesti\u00f3n \u00f3s xestionados, estando nestes momentos reunida a Mesa de Asociaci\u00f3ns co alcalde.<\/p>\n","protected":false},"excerpt":{"rendered":"<p>De novo nos enteramos a cidadan\u00eda da existencia dun pleno por un punto concreto que sae na prensa. Neste caso, arredor da recuperaci\u00f3n de nichos por parte do concello (a lembrar que os lugares no cemiterio son de propiedade municipal, sendo cedidos por arrendamento de pago \u00fanico a 99 anos, o m\u00e1ximo permitido pola lei [&hellip;]<\/p>\n","protected":false},"author":3,"featured_media":0,"comment_status":"open","ping_status":"closed","sticky":false,"template":"","format":"standard","meta":{"activitypub_content_warning":"","activitypub_content_visibility":"","activitypub_max_image_attachments":3,"activitypub_interaction_policy_quote":"anyone","activitypub_status":"federate","footnotes":""},"categories":[1],"tags":[74,13,9],"class_list":["post-8550","post","type-post","status-publish","format-standard","hentry","category-sen-categoria","tag-o-teson","tag-politica","tag-sociedade"],"_links":{"self":[{"href":"https:\/\/blogs.amarinha.gal\/ribadeando\/wp-json\/wp\/v2\/posts\/8550","targetHints":{"allow":["GET"]}}],"collection":[{"href":"https:\/\/blogs.amarinha.gal\/ribadeando\/wp-json\/wp\/v2\/posts"}],"about":[{"href":"https:\/\/blogs.amarinha.gal\/ribadeando\/wp-json\/wp\/v2\/types\/post"}],"author":[{"embeddable":true,"href":"https:\/\/blogs.amarinha.gal\/ribadeando\/wp-json\/wp\/v2\/users\/3"}],"replies":[{"embeddable":true,"href":"https:\/\/blogs.amarinha.gal\/ribadeando\/wp-json\/wp\/v2\/comments?post=8550"}],"version-history":[{"count":0,"href":"https:\/\/blogs.amarinha.gal\/ribadeando\/wp-json\/wp\/v2\/posts\/8550\/revisions"}],"wp:attachment":[{"href":"https:\/\/blogs.amarinha.gal\/ribadeando\/wp-json\/wp\/v2\/media?parent=8550"}],"wp:term":[{"taxonomy":"category","embeddable":true,"href":"https:\/\/blogs.amarinha.gal\/ribadeando\/wp-json\/wp\/v2\/categories?post=8550"},{"taxonomy":"post_tag","embeddable":true,"href":"https:\/\/blogs.amarinha.gal\/ribadeando\/wp-json\/wp\/v2\/tags?post=8550"}],"curies":[{"name":"wp","href":"https:\/\/api.w.org\/{rel}","templated":true}]}}