{"id":8547,"date":"2010-01-19T07:24:00","date_gmt":"2010-01-19T06:24:00","guid":{"rendered":""},"modified":"2024-11-12T15:03:05","modified_gmt":"2024-11-12T14:03:05","slug":"sobre-o-pleno-de-20100118","status":"publish","type":"post","link":"https:\/\/blogs.amarinha.gal\/ribadeando\/2010\/01\/19\/sobre-o-pleno-de-20100118\/","title":{"rendered":"Sobre o pleno de 20100118"},"content":{"rendered":"<p>14 persoas, no punto de maior ocupaci\u00f3n, estiveron onte no pleno como observadores.<br \/>\nOs puntos, quitado o de aprobaci\u00f3n de actas anteriores \u00f3 comezo e rogos e preguntas \u00f3 final, foron sobre resoluci\u00f3ns de pago da alcald\u00eda, deixaci\u00f3n sen efecto de resoluci\u00f3n anterior sobre a traves\u00eda cedida por fomento, e o acordo de aprobaci\u00f3n do proxecto modificado sobre o mesmo tema, a aprobaci\u00f3n da taxa do cemiterio, a taxa da ordenanza de verquidos e uso de sistema p\u00fablico de saneamento en baixa, as licenzas de primeira ocupaci\u00f3n e dous temas que se debarteron como moci\u00f3ns de urxencia de urxencia, unha variaci\u00f3n do regulamento de r\u00e9xime interno do hospital asilo e outro sobre a revisi\u00f3n de comida para maiores.<br \/>\nNo primeiro tema fix\u00e9ronse diversas preguntas sobre facturas aboadas, inclu\u00eddos alg\u00fans desacordos sobre a forma de presentaci\u00f3n das mesmas.<br \/>\nEn relaci\u00f3n \u00f3 segundo e terceiro, sobre o proxecto da traves\u00eda, d\u00edxose que era a proposta da mesa de contrataci\u00f3n tras conseguir a variaci\u00f3n das anualidades polo concello, que agora estar\u00edan para 2010 e 2011, e ter observado diversos erros no proxecto anterior. Foron aprobados ambos con 8 votos a favor (BNG e PP) e 5 abstenci\u00f3ns<br \/>\nEn canto a aprobaci\u00f3n da regulaci\u00f3n do cemiterio, dende o comezo houbo unha distinci\u00f3n entre a necesidade da &#8216;literalidade&#8217; normativa e a fiscalidade, pero a regulaci\u00f3n \u00e9 unha e hab\u00eda que votala por xunto, segundo aclarou o secretario. D\u00edxose que exist\u00eda lista de espera para os nichos, e falouse da necesidade de po\u00f1er un freo para a consecuci\u00f3n de nichos, defendendo os dous anos de empadroamento en Ribadeo. Pasouse \u00f3 debate, onde se falou das diversas porcentaxes das subidas e de que non era tanta a urxencia por o aumento de incineraci\u00f3ns. Asemade, tam\u00e9n se baraxaron diversos outros n\u00fameros. As\u00ed, o aumento previsto de 1 101\u20ac a 1 450\u20ac nos nichos de 3 ocos. A xustificaci\u00f3n final por parte do alcalde como achegamento \u00f3 custe dos servizos, cando se parte dunha base reguladora moi baixa, non surtiu efecto, e despois da negativa do PP \u00e1 suba de taxas, que foi aplaudida por parte do p\u00fablico, a proposta foi rexeitada por 4 votos a favor e 9 en contra.<br \/>\n(<a href=\"http:\/\/ribadeando.blogspot.com\/2010\/01\/sobre-o-pleno-de-20100118-ii.html\">2\u00aa parte<\/a>)<\/p>\n","protected":false},"excerpt":{"rendered":"<p>14 persoas, no punto de maior ocupaci\u00f3n, estiveron onte no pleno como observadores. Os puntos, quitado o de aprobaci\u00f3n de actas anteriores \u00f3 comezo e rogos e preguntas \u00f3 final, foron sobre resoluci\u00f3ns de pago da alcald\u00eda, deixaci\u00f3n sen efecto de resoluci\u00f3n anterior sobre a traves\u00eda cedida por fomento, e o acordo de aprobaci\u00f3n do [&hellip;]<\/p>\n","protected":false},"author":3,"featured_media":0,"comment_status":"open","ping_status":"closed","sticky":false,"template":"","format":"standard","meta":{"activitypub_content_warning":"","activitypub_content_visibility":"","activitypub_max_image_attachments":3,"activitypub_interaction_policy_quote":"anyone","activitypub_status":"federate","footnotes":""},"categories":[1],"tags":[13],"class_list":["post-8547","post","type-post","status-publish","format-standard","hentry","category-sen-categoria","tag-politica"],"_links":{"self":[{"href":"https:\/\/blogs.amarinha.gal\/ribadeando\/wp-json\/wp\/v2\/posts\/8547","targetHints":{"allow":["GET"]}}],"collection":[{"href":"https:\/\/blogs.amarinha.gal\/ribadeando\/wp-json\/wp\/v2\/posts"}],"about":[{"href":"https:\/\/blogs.amarinha.gal\/ribadeando\/wp-json\/wp\/v2\/types\/post"}],"author":[{"embeddable":true,"href":"https:\/\/blogs.amarinha.gal\/ribadeando\/wp-json\/wp\/v2\/users\/3"}],"replies":[{"embeddable":true,"href":"https:\/\/blogs.amarinha.gal\/ribadeando\/wp-json\/wp\/v2\/comments?post=8547"}],"version-history":[{"count":0,"href":"https:\/\/blogs.amarinha.gal\/ribadeando\/wp-json\/wp\/v2\/posts\/8547\/revisions"}],"wp:attachment":[{"href":"https:\/\/blogs.amarinha.gal\/ribadeando\/wp-json\/wp\/v2\/media?parent=8547"}],"wp:term":[{"taxonomy":"category","embeddable":true,"href":"https:\/\/blogs.amarinha.gal\/ribadeando\/wp-json\/wp\/v2\/categories?post=8547"},{"taxonomy":"post_tag","embeddable":true,"href":"https:\/\/blogs.amarinha.gal\/ribadeando\/wp-json\/wp\/v2\/tags?post=8547"}],"curies":[{"name":"wp","href":"https:\/\/api.w.org\/{rel}","templated":true}]}}