{"id":8546,"date":"2010-01-19T19:21:00","date_gmt":"2010-01-19T18:21:00","guid":{"rendered":""},"modified":"2024-11-12T15:03:03","modified_gmt":"2024-11-12T14:03:03","slug":"concerto-benefico-da-emmdr-favor-de","status":"publish","type":"post","link":"https:\/\/blogs.amarinha.gal\/ribadeando\/2010\/01\/19\/concerto-benefico-da-emmdr-favor-de\/","title":{"rendered":"CONCERTO BEN\u00c9FICO DA EMMDR A FAVOR DE HAIT\u00cd"},"content":{"rendered":"<p>O VENRES 22 \u00c1S 20.30 HORAS NO AUDITORIO HERN\u00c1N NAVAL<\/p>\n<p>Organizan: Concello de Ribadeo, Escola Municipal de M\u00fasica e Danza  e as asociaci\u00f3ns Amadores da M\u00fasica e Musiqueando.<\/p>\n<p>Entrada: 5 \u20ac<\/p>\n<p>Fila 0: conta aberta no Banco Pastor.<\/p>\n<p>O di\u00f1eiro recadado ir\u00e1 destinado \u00e1 Cruz Vermella<\/p>\n<p>Colabora\u2026todo o que poidamos facer \u00e9 importante.<br \/>\nAnteriormente no blog, <a href=\"http:\/\/ribadeando.blogspot.com\/2010\/01\/concerto-benefico-en-favor-de-haiti.html\">aqu\u00ed<\/a>.<\/p>\n","protected":false},"excerpt":{"rendered":"<p>O VENRES 22 \u00c1S 20.30 HORAS NO AUDITORIO HERN\u00c1N NAVAL Organizan: Concello de Ribadeo, Escola Municipal de M\u00fasica e Danza e as asociaci\u00f3ns Amadores da M\u00fasica e Musiqueando. Entrada: 5 \u20ac Fila 0: conta aberta no Banco Pastor. O di\u00f1eiro recadado ir\u00e1 destinado \u00e1 Cruz Vermella Colabora\u2026todo o que poidamos facer \u00e9 importante. Anteriormente no [&hellip;]<\/p>\n","protected":false},"author":3,"featured_media":0,"comment_status":"open","ping_status":"closed","sticky":false,"template":"","format":"standard","meta":{"activitypub_content_warning":"","activitypub_content_visibility":"","activitypub_max_image_attachments":3,"activitypub_interaction_policy_quote":"anyone","activitypub_status":"federate","footnotes":""},"categories":[1],"tags":[9],"class_list":["post-8546","post","type-post","status-publish","format-standard","hentry","category-sen-categoria","tag-sociedade"],"_links":{"self":[{"href":"https:\/\/blogs.amarinha.gal\/ribadeando\/wp-json\/wp\/v2\/posts\/8546","targetHints":{"allow":["GET"]}}],"collection":[{"href":"https:\/\/blogs.amarinha.gal\/ribadeando\/wp-json\/wp\/v2\/posts"}],"about":[{"href":"https:\/\/blogs.amarinha.gal\/ribadeando\/wp-json\/wp\/v2\/types\/post"}],"author":[{"embeddable":true,"href":"https:\/\/blogs.amarinha.gal\/ribadeando\/wp-json\/wp\/v2\/users\/3"}],"replies":[{"embeddable":true,"href":"https:\/\/blogs.amarinha.gal\/ribadeando\/wp-json\/wp\/v2\/comments?post=8546"}],"version-history":[{"count":0,"href":"https:\/\/blogs.amarinha.gal\/ribadeando\/wp-json\/wp\/v2\/posts\/8546\/revisions"}],"wp:attachment":[{"href":"https:\/\/blogs.amarinha.gal\/ribadeando\/wp-json\/wp\/v2\/media?parent=8546"}],"wp:term":[{"taxonomy":"category","embeddable":true,"href":"https:\/\/blogs.amarinha.gal\/ribadeando\/wp-json\/wp\/v2\/categories?post=8546"},{"taxonomy":"post_tag","embeddable":true,"href":"https:\/\/blogs.amarinha.gal\/ribadeando\/wp-json\/wp\/v2\/tags?post=8546"}],"curies":[{"name":"wp","href":"https:\/\/api.w.org\/{rel}","templated":true}]}}