{"id":8545,"date":"2010-01-20T08:18:00","date_gmt":"2010-01-20T07:18:00","guid":{"rendered":""},"modified":"2024-11-12T15:03:02","modified_gmt":"2024-11-12T14:03:02","slug":"sobre-o-pleno-de-20100118-ii","status":"publish","type":"post","link":"https:\/\/blogs.amarinha.gal\/ribadeando\/2010\/01\/20\/sobre-o-pleno-de-20100118-ii\/","title":{"rendered":"Sobre o pleno de 20100118 (II)"},"content":{"rendered":"<p><a href=\"http:\/\/ribadeando.blogspot.com\/2010\/01\/sobre-o-pleno-de-20100118.html\">Sobre o pleno de 20100118, parte 1\u00aa<\/a>.<br \/>\nO punto seguinte foi a ordenanza de verquidos, cuxa actualizaci\u00f3n parece ser que esixe a Xunta. \u00e9 neste punto onde se aplicou o que dic\u00eda UPRi d\u00edas atr\u00e1s na prensa de duplicidade de cobro pola taxa de depuraci\u00f3n, mantendo un pequeno turno de explicaci\u00f3ns, rematando cunha votaci\u00f3n de 8 a favor contra 5 en contra, cunha aclaraci\u00f3n do PP de que aceptaba a ordenanza tendo en conta que cando fora asumido o control da xesti\u00f3n de verquidos pola xunta haber\u00eda que reprantearse as taxas, algo co que o BNG estivo de acordo.<br \/>\nNo punto 7\u00ba deuse a unanimidade nas licenzas de 1\u00aa ocupaci\u00f3n propostas.<br \/>\nFoi ent\u00f3n cando se fixo a presentaci\u00f3n das d\u00faas moci\u00f3ns de urxencia. A primeira, polo PP, sobre o regulamento do asilo, para facer unha variaci\u00f3n no punto que trata sobre as admisi\u00f3ns. A ra\u00edz do caso de d\u00faas persoas concretas, solicitaron a urxencia e propuxeron variar a necesidade de estar empadronados alomenos durante os 2 anos anteriores para pedir praza, esxpo\u00f1endo que Ribadeo \u00e9 terra de emigraci\u00f3n e houbo xente que son ribadenses pero que pasaron os \u00faltimos anos f\u00f3ra. Considera o alcalde que haber\u00eda que falalo antes para ver os termos, pero raz\u00f3nase que \u00e9 unha primeira aprobaci\u00f3n e logo hai a exposici\u00f3n p\u00fablica de 1 mes, polo que se poden modificar cousas despois. \u00c9 aceptada a urxencia e deb\u00e1tese, presentando a alcald\u00eda o que chama un &#8216;informe r\u00e1pido&#8217; do asistente social que di esixir m\u00e1is que o que di o PP, 10 anos + a baixa consular para estranxeiros. Apr\u00f3base con 9 votos 4 abstenci\u00f3ns (BNG)<br \/>\nA outra moci\u00f3n de urxencia foi por parte de UPRi, sobre a comida dos maiores no piso tutelado de Rosal\u00eda de Castro, 10,1\u00ba. Usan os servizos do piso 7 persoas, 6 homes e 1 muller, e alega UPRi que s\u00f3 2 ou 3 persoas comen o catering, pedindo que as comidas se fagan no piso e que se revisen a diario os men\u00fas a parte dos do piso tutelado. A urxencia \u00e9 aceptada, pero con diverxencia de opini\u00f3ns do que pode ou non resultar urxente entre o PSOE e o PP. O debate compl\u00edcase por varias raz\u00f3ns, entre as que est\u00e1n a discriminaci\u00f3n segundo est\u00e1 a proposta entre a xente do piso tutelado e o resto de receptores do catering, o contraste das queixas por aprte dos servizos sociais, a diferenciaci\u00f3n entre queixas de calidade e queixas por motivo de paladar, o refrendo de d\u00edas pasados realizado polo colexio de m\u00e9dicos provincial sobre o men\u00fa, a oferta realizada hai xa tempo por parte do asistente social de cambiar o men\u00fa se non gustaba e se pod\u00eda, &#8230; \u00f3 fin, queda s\u00f3 sobre a mesa a segunda parte da proposta, a revisi\u00f3n continuada. Queda a cuesti\u00f3n de quen e como o revisa, sendo votado por 9 votos a favor e 4 abstenci\u00f3ns (BNG).<br \/>\nEste \u00faltimo punto deu lugar a varios momentos curiosos. Por exemplo, unha proposta ir\u00f3nica de que se levaran os men\u00fas do d\u00eda \u00f3 pleno para o seu testado. Eso si, por sorpresa.<br \/>\nEran nese momento \u00e1s 10 e 10, e comezou o turno de rogos e preguntas.<\/p>\n","protected":false},"excerpt":{"rendered":"<p>Sobre o pleno de 20100118, parte 1\u00aa. O punto seguinte foi a ordenanza de verquidos, cuxa actualizaci\u00f3n parece ser que esixe a Xunta. \u00e9 neste punto onde se aplicou o que dic\u00eda UPRi d\u00edas atr\u00e1s na prensa de duplicidade de cobro pola taxa de depuraci\u00f3n, mantendo un pequeno turno de explicaci\u00f3ns, rematando cunha votaci\u00f3n de [&hellip;]<\/p>\n","protected":false},"author":3,"featured_media":0,"comment_status":"open","ping_status":"closed","sticky":false,"template":"","format":"standard","meta":{"activitypub_content_warning":"","activitypub_content_visibility":"","activitypub_max_image_attachments":3,"activitypub_interaction_policy_quote":"anyone","activitypub_status":"federate","footnotes":""},"categories":[1],"tags":[13],"class_list":["post-8545","post","type-post","status-publish","format-standard","hentry","category-sen-categoria","tag-politica"],"_links":{"self":[{"href":"https:\/\/blogs.amarinha.gal\/ribadeando\/wp-json\/wp\/v2\/posts\/8545","targetHints":{"allow":["GET"]}}],"collection":[{"href":"https:\/\/blogs.amarinha.gal\/ribadeando\/wp-json\/wp\/v2\/posts"}],"about":[{"href":"https:\/\/blogs.amarinha.gal\/ribadeando\/wp-json\/wp\/v2\/types\/post"}],"author":[{"embeddable":true,"href":"https:\/\/blogs.amarinha.gal\/ribadeando\/wp-json\/wp\/v2\/users\/3"}],"replies":[{"embeddable":true,"href":"https:\/\/blogs.amarinha.gal\/ribadeando\/wp-json\/wp\/v2\/comments?post=8545"}],"version-history":[{"count":0,"href":"https:\/\/blogs.amarinha.gal\/ribadeando\/wp-json\/wp\/v2\/posts\/8545\/revisions"}],"wp:attachment":[{"href":"https:\/\/blogs.amarinha.gal\/ribadeando\/wp-json\/wp\/v2\/media?parent=8545"}],"wp:term":[{"taxonomy":"category","embeddable":true,"href":"https:\/\/blogs.amarinha.gal\/ribadeando\/wp-json\/wp\/v2\/categories?post=8545"},{"taxonomy":"post_tag","embeddable":true,"href":"https:\/\/blogs.amarinha.gal\/ribadeando\/wp-json\/wp\/v2\/tags?post=8545"}],"curies":[{"name":"wp","href":"https:\/\/api.w.org\/{rel}","templated":true}]}}