{"id":8539,"date":"2010-01-23T01:36:00","date_gmt":"2010-01-23T00:36:00","guid":{"rendered":""},"modified":"2024-11-12T15:02:47","modified_gmt":"2024-11-12T14:02:47","slug":"xxi-curso-de-verano-de-la-fundacion","status":"publish","type":"post","link":"https:\/\/blogs.amarinha.gal\/ribadeando\/2010\/01\/23\/xxi-curso-de-verano-de-la-fundacion\/","title":{"rendered":"&#8220;XXI Curso de verano de la Fundaci\u00f3n Luis de Trelles&#8221; en Ribadeo"},"content":{"rendered":"<p>Luis de Trelles foi o fundador da Adoraci\u00f3n nouturna espa\u00f1ola, e este ver\u00e1n (do 30 de xu\u00f1o \u00f3 4 xullo) ter\u00e1 lugar en Ribadeo un curso, o XXI, que leva o seu nome. Para ir coordinando o tema creouse un <a href=\"http:\/\/www.cursotrellesribadeo.blogspot.com\/\">blog<\/a>, con varias entradas xa na actualidade, a parte da p\u00e1xina adicada \u00e1 <a href=\"http:\/\/www.fundaciontrelles.org\/\">fundaci\u00f3n Luis de Trelles<\/a>.<br \/>\nEsp\u00e9ranse m\u00e1is dunha centea de asistentes.<\/p>\n","protected":false},"excerpt":{"rendered":"<p>Luis de Trelles foi o fundador da Adoraci\u00f3n nouturna espa\u00f1ola, e este ver\u00e1n (do 30 de xu\u00f1o \u00f3 4 xullo) ter\u00e1 lugar en Ribadeo un curso, o XXI, que leva o seu nome. Para ir coordinando o tema creouse un blog, con varias entradas xa na actualidade, a parte da p\u00e1xina adicada \u00e1 fundaci\u00f3n Luis [&hellip;]<\/p>\n","protected":false},"author":3,"featured_media":0,"comment_status":"open","ping_status":"closed","sticky":false,"template":"","format":"standard","meta":{"activitypub_content_warning":"","activitypub_content_visibility":"","activitypub_max_image_attachments":3,"activitypub_interaction_policy_quote":"anyone","activitypub_status":"federate","footnotes":""},"categories":[1],"tags":[9],"class_list":["post-8539","post","type-post","status-publish","format-standard","hentry","category-sen-categoria","tag-sociedade"],"_links":{"self":[{"href":"https:\/\/blogs.amarinha.gal\/ribadeando\/wp-json\/wp\/v2\/posts\/8539","targetHints":{"allow":["GET"]}}],"collection":[{"href":"https:\/\/blogs.amarinha.gal\/ribadeando\/wp-json\/wp\/v2\/posts"}],"about":[{"href":"https:\/\/blogs.amarinha.gal\/ribadeando\/wp-json\/wp\/v2\/types\/post"}],"author":[{"embeddable":true,"href":"https:\/\/blogs.amarinha.gal\/ribadeando\/wp-json\/wp\/v2\/users\/3"}],"replies":[{"embeddable":true,"href":"https:\/\/blogs.amarinha.gal\/ribadeando\/wp-json\/wp\/v2\/comments?post=8539"}],"version-history":[{"count":0,"href":"https:\/\/blogs.amarinha.gal\/ribadeando\/wp-json\/wp\/v2\/posts\/8539\/revisions"}],"wp:attachment":[{"href":"https:\/\/blogs.amarinha.gal\/ribadeando\/wp-json\/wp\/v2\/media?parent=8539"}],"wp:term":[{"taxonomy":"category","embeddable":true,"href":"https:\/\/blogs.amarinha.gal\/ribadeando\/wp-json\/wp\/v2\/categories?post=8539"},{"taxonomy":"post_tag","embeddable":true,"href":"https:\/\/blogs.amarinha.gal\/ribadeando\/wp-json\/wp\/v2\/tags?post=8539"}],"curies":[{"name":"wp","href":"https:\/\/api.w.org\/{rel}","templated":true}]}}