{"id":8537,"date":"2010-01-24T15:39:00","date_gmt":"2010-01-24T14:39:00","guid":{"rendered":""},"modified":"2024-11-12T15:02:44","modified_gmt":"2024-11-12T14:02:44","slug":"visto-hoxe-en-ribadeo","status":"publish","type":"post","link":"https:\/\/blogs.amarinha.gal\/ribadeando\/2010\/01\/24\/visto-hoxe-en-ribadeo\/","title":{"rendered":"Visto hoxe en Ribadeo"},"content":{"rendered":"<p><a onblur=\"try {parent.deselectBloggerImageGracefully();} catch(e) {}\" href=\"https:\/\/blogger.googleusercontent.com\/img\/b\/R29vZ2xl\/AVvXsEgwnBkBsanyHXTgExxiLc92E73kAS_lym69G3q_0gKLSUs-DFSppgTjsIObh7oPSIJI6azd-qiqtVIIup_mBx-QTfl0rzdykvhNxRs8wf-egDKef_esF5g7p6JbJYI4bM0I2QuOBA\/s2048\/novas+escaleiras.JPG\"><img decoding=\"async\" src=\"https:\/\/blogger.googleusercontent.com\/img\/b\/R29vZ2xl\/AVvXsEgwnBkBsanyHXTgExxiLc92E73kAS_lym69G3q_0gKLSUs-DFSppgTjsIObh7oPSIJI6azd-qiqtVIIup_mBx-QTfl0rzdykvhNxRs8wf-egDKef_esF5g7p6JbJYI4bM0I2QuOBA\/s2048\/novas+escaleiras.JPG\" alt=\"\" \/><\/a><br \/>\nUn pequeno paseo perto da r\u00eda da moito de si (xa non se pode dicir a car\u00f3n da r\u00eda, que en boa parte do recorrido non queda \u00e1 beira do cami\u00f1o):<br \/>\nA primeira, as novas escaleiras de baixada a Cabanela dende a Atalaia, a\u00ednda en obras, infrastrutura que fac\u00eda falta remozar, \u00f3 contrario do ascensor.<br \/>\nA segunda, unha \u00e1rbore decorada con botes de bebidas, baixando a Mirasol, nunha estampa que parece lembrar  o Nadal.<br \/>\nA terceira, unha porta na valla de Mirasol, cerrada que eu saiba dende que se fixo a reforma nese lugar (xa foi reformada a\u00ed a valla), e agora aberta (tampouco sei o por que)<br \/>\nE por \u00faltimo desta selecci\u00f3n (hai outras fotos que sair\u00e1n m\u00e1is adiante a conto doutros temas), un grupo de ba\u00f1istas con neopreno no entorno das escaleiras dos bloques. Para ser a media ma\u00f1\u00e1 dun d\u00eda no que os term\u00f3metros marcaban 10\u00baC, non est\u00e1 mal &#8230;<\/p>\n<p><a onblur=\"try {parent.deselectBloggerImageGracefully();} catch(e) {}\" href=\"https:\/\/blogger.googleusercontent.com\/img\/b\/R29vZ2xl\/AVvXsEjjMnYrr74ZYsv6N4l_ew_M8E1OkF7fC4GSC4c4Pdy2XB9E7tfT7Pxm4lFWhfVwam2eIJ1cpLy5HPkv89LMz22Mg87nkpXmocFZuMkkj1lwK-Q9P6TfF4mtZGVyBeIgT4W5pMQRSw\/s2048\/%C3%A1rbore+de+Nadal.JPG\"><img decoding=\"async\" src=\"https:\/\/blogger.googleusercontent.com\/img\/b\/R29vZ2xl\/AVvXsEjjMnYrr74ZYsv6N4l_ew_M8E1OkF7fC4GSC4c4Pdy2XB9E7tfT7Pxm4lFWhfVwam2eIJ1cpLy5HPkv89LMz22Mg87nkpXmocFZuMkkj1lwK-Q9P6TfF4mtZGVyBeIgT4W5pMQRSw\/s2048\/%C3%A1rbore+de+Nadal.JPG\" alt=\"\" \/><\/a><br \/>\n<a onblur=\"try {parent.deselectBloggerImageGracefully();} catch(e) {}\" href=\"https:\/\/blogger.googleusercontent.com\/img\/b\/R29vZ2xl\/AVvXsEj2j-mn68l2QcRb1mL70c7I-CZcmRHdmg6GoNgyN-QpYkQEOjGO_Glugey-AwP_eEvJtluLK0wyN4xDVWFeHlOzDUKoyoMOAPT5GrPJnEEcF2ovr5TZl8cEpgyEm-a1k7spvrekVg\/s2048\/valla+aberta.JPG\"><img decoding=\"async\" src=\"https:\/\/blogger.googleusercontent.com\/img\/b\/R29vZ2xl\/AVvXsEj2j-mn68l2QcRb1mL70c7I-CZcmRHdmg6GoNgyN-QpYkQEOjGO_Glugey-AwP_eEvJtluLK0wyN4xDVWFeHlOzDUKoyoMOAPT5GrPJnEEcF2ovr5TZl8cEpgyEm-a1k7spvrekVg\/s2048\/valla+aberta.JPG\" alt=\"\" \/><\/a><br \/>\n<a onblur=\"try {parent.deselectBloggerImageGracefully();} catch(e) {}\" href=\"https:\/\/blogger.googleusercontent.com\/img\/b\/R29vZ2xl\/AVvXsEgSgaZGOyklVXtbCjDVdZVhZDQbA98ehpopBDytfxQZmxsJedl03YBYUhNpOMVei0sHz0kTP4QG0MBynPqGcKPqFDy9REDnp72KRFx7efceBe6eUHVv_8lk5guZm_KeZlmU0Rh6qw\/s2048\/ba%C3%B1%C3%A1ndose+en+xaneiro.JPG\"><img decoding=\"async\" src=\"https:\/\/blogger.googleusercontent.com\/img\/b\/R29vZ2xl\/AVvXsEgSgaZGOyklVXtbCjDVdZVhZDQbA98ehpopBDytfxQZmxsJedl03YBYUhNpOMVei0sHz0kTP4QG0MBynPqGcKPqFDy9REDnp72KRFx7efceBe6eUHVv_8lk5guZm_KeZlmU0Rh6qw\/s2048\/ba%C3%B1%C3%A1ndose+en+xaneiro.JPG\" alt=\"\" \/><\/a><\/p>\n","protected":false},"excerpt":{"rendered":"<p>Un pequeno paseo perto da r\u00eda da moito de si (xa non se pode dicir a car\u00f3n da r\u00eda, que en boa parte do recorrido non queda \u00e1 beira do cami\u00f1o): A primeira, as novas escaleiras de baixada a Cabanela dende a Atalaia, a\u00ednda en obras, infrastrutura que fac\u00eda falta remozar, \u00f3 contrario do ascensor. [&hellip;]<\/p>\n","protected":false},"author":3,"featured_media":0,"comment_status":"open","ping_status":"closed","sticky":false,"template":"","format":"standard","meta":{"activitypub_content_warning":"","activitypub_content_visibility":"","activitypub_max_image_attachments":3,"activitypub_interaction_policy_quote":"anyone","activitypub_status":"federate","footnotes":""},"categories":[1],"tags":[57,93],"class_list":["post-8537","post","type-post","status-publish","format-standard","hentry","category-sen-categoria","tag-fotos-ria-de-ribadeo","tag-fotos-ribadeo"],"_links":{"self":[{"href":"https:\/\/blogs.amarinha.gal\/ribadeando\/wp-json\/wp\/v2\/posts\/8537","targetHints":{"allow":["GET"]}}],"collection":[{"href":"https:\/\/blogs.amarinha.gal\/ribadeando\/wp-json\/wp\/v2\/posts"}],"about":[{"href":"https:\/\/blogs.amarinha.gal\/ribadeando\/wp-json\/wp\/v2\/types\/post"}],"author":[{"embeddable":true,"href":"https:\/\/blogs.amarinha.gal\/ribadeando\/wp-json\/wp\/v2\/users\/3"}],"replies":[{"embeddable":true,"href":"https:\/\/blogs.amarinha.gal\/ribadeando\/wp-json\/wp\/v2\/comments?post=8537"}],"version-history":[{"count":0,"href":"https:\/\/blogs.amarinha.gal\/ribadeando\/wp-json\/wp\/v2\/posts\/8537\/revisions"}],"wp:attachment":[{"href":"https:\/\/blogs.amarinha.gal\/ribadeando\/wp-json\/wp\/v2\/media?parent=8537"}],"wp:term":[{"taxonomy":"category","embeddable":true,"href":"https:\/\/blogs.amarinha.gal\/ribadeando\/wp-json\/wp\/v2\/categories?post=8537"},{"taxonomy":"post_tag","embeddable":true,"href":"https:\/\/blogs.amarinha.gal\/ribadeando\/wp-json\/wp\/v2\/tags?post=8537"}],"curies":[{"name":"wp","href":"https:\/\/api.w.org\/{rel}","templated":true}]}}