{"id":8531,"date":"2010-01-26T19:38:00","date_gmt":"2010-01-26T18:38:00","guid":{"rendered":""},"modified":"2024-11-12T15:02:36","modified_gmt":"2024-11-12T14:02:36","slug":"sen-neno","status":"publish","type":"post","link":"https:\/\/blogs.amarinha.gal\/ribadeando\/2010\/01\/26\/sen-neno\/","title":{"rendered":"Sen Nen\u00f3"},"content":{"rendered":"<p>\u00danome \u00f3 sentir de moitos dando a despedida a Nen\u00f3, Jos\u00e9 Duarte D\u00edaz, concellal en Ribadeo dende os oitenta, o m\u00e1is antigo da actual corporaci\u00f3n. Pero non por eso, senon porque coido que era unha boa persoa.<br \/>\nA <a href=\"http:\/\/www.ribadeo.org\/actualidade\/nova.php?id=388&amp;lg=gal\">nota do concello<\/a>.<br \/>\nA <a href=\"http:\/\/www.cope.es\/de-la-costa\/26-01-10--fallece-69-anos-jose-duarte-concejal-pp-ayuntamiento-ribadeo-129605-2\">nota da COPE<\/a>.<br \/>\n<a href=\"http:\/\/gl.wikipedia.org\/wiki\/Jos%C3%A9_Duarte_D%C3%ADaz\">Entrada na Galipedia<\/a>.<\/p>\n","protected":false},"excerpt":{"rendered":"<p>\u00danome \u00f3 sentir de moitos dando a despedida a Nen\u00f3, Jos\u00e9 Duarte D\u00edaz, concellal en Ribadeo dende os oitenta, o m\u00e1is antigo da actual corporaci\u00f3n. Pero non por eso, senon porque coido que era unha boa persoa. A nota do concello. A nota da COPE. Entrada na Galipedia.<\/p>\n","protected":false},"author":3,"featured_media":0,"comment_status":"open","ping_status":"closed","sticky":false,"template":"","format":"standard","meta":{"activitypub_content_warning":"","activitypub_content_visibility":"","activitypub_max_image_attachments":3,"activitypub_interaction_policy_quote":"anyone","activitypub_status":"federate","footnotes":""},"categories":[1],"tags":[9],"class_list":["post-8531","post","type-post","status-publish","format-standard","hentry","category-sen-categoria","tag-sociedade"],"_links":{"self":[{"href":"https:\/\/blogs.amarinha.gal\/ribadeando\/wp-json\/wp\/v2\/posts\/8531","targetHints":{"allow":["GET"]}}],"collection":[{"href":"https:\/\/blogs.amarinha.gal\/ribadeando\/wp-json\/wp\/v2\/posts"}],"about":[{"href":"https:\/\/blogs.amarinha.gal\/ribadeando\/wp-json\/wp\/v2\/types\/post"}],"author":[{"embeddable":true,"href":"https:\/\/blogs.amarinha.gal\/ribadeando\/wp-json\/wp\/v2\/users\/3"}],"replies":[{"embeddable":true,"href":"https:\/\/blogs.amarinha.gal\/ribadeando\/wp-json\/wp\/v2\/comments?post=8531"}],"version-history":[{"count":0,"href":"https:\/\/blogs.amarinha.gal\/ribadeando\/wp-json\/wp\/v2\/posts\/8531\/revisions"}],"wp:attachment":[{"href":"https:\/\/blogs.amarinha.gal\/ribadeando\/wp-json\/wp\/v2\/media?parent=8531"}],"wp:term":[{"taxonomy":"category","embeddable":true,"href":"https:\/\/blogs.amarinha.gal\/ribadeando\/wp-json\/wp\/v2\/categories?post=8531"},{"taxonomy":"post_tag","embeddable":true,"href":"https:\/\/blogs.amarinha.gal\/ribadeando\/wp-json\/wp\/v2\/tags?post=8531"}],"curies":[{"name":"wp","href":"https:\/\/api.w.org\/{rel}","templated":true}]}}