{"id":8530,"date":"2010-01-27T07:29:00","date_gmt":"2010-01-27T06:29:00","guid":{"rendered":""},"modified":"2024-11-12T15:02:35","modified_gmt":"2024-11-12T14:02:35","slug":"instituto-social-da-marina","status":"publish","type":"post","link":"https:\/\/blogs.amarinha.gal\/ribadeando\/2010\/01\/27\/instituto-social-da-marina\/","title":{"rendered":"Instituto Social da Mari\u00f1a"},"content":{"rendered":"<p><a onblur=\"try {parent.deselectBloggerImageGracefully();} catch(e) {}\" href=\"https:\/\/blogger.googleusercontent.com\/img\/b\/R29vZ2xl\/AVvXsEh4pY1yXczPoEGxH07JLtcH-FpvVUyMwBuAqMrzhdcaNg8nFQ1dP1W9KEckycrCHSDGDHP88t4j8nzw1gAQW9lOFszKoNh1JALTHr6v7rafUNfM-3OLxFGIdMdUaXra3QZQ8M3vzg\/s2048\/nivelado+en+Mirasol.jpg\"><img decoding=\"async\" src=\"https:\/\/blogger.googleusercontent.com\/img\/b\/R29vZ2xl\/AVvXsEh4pY1yXczPoEGxH07JLtcH-FpvVUyMwBuAqMrzhdcaNg8nFQ1dP1W9KEckycrCHSDGDHP88t4j8nzw1gAQW9lOFszKoNh1JALTHr6v7rafUNfM-3OLxFGIdMdUaXra3QZQ8M3vzg\/s2048\/nivelado+en+Mirasol.jpg\" alt=\"\" \/><\/a>Na foto, o nivelado da base do peirao de Mirasol, tomada a semana pasada.<br \/>\nAlerta UPRi de que Ribadeo est\u00e1 a piques de perder a delegaci\u00f3n do ISM que mant\u00e9n na Casa do Mar, e prop\u00f3n tomar medidas preventivas. \u00c9 de supo\u00f1er que a informaci\u00f3n sexa certa e que se te\u00f1a pensado pechar a curto prazo, e non sexa un bulo. De ser as\u00ed, ser\u00eda un momento de levantar vontades para manter a delegaci\u00f3n da instituci\u00f3n, e non perdela como tantas outras cousas.<br \/>\nA nota de prensa l\u00e9vame \u00e1 reflexi\u00f3n sobre como se vai transmitindo a informaci\u00f3n dende as instituci\u00f3ns \u00f3 pobo, algo que cada vez parece m\u00e1is opaco en orixe nestes tempos que corren (despois dunha tempada de avance democr\u00e1tico na que se desfixo un pouco a opacidade), co que as decisi\u00f3ns tomadas nas alturas non deixan tempo a reaccionar e menos a\u00ednda \u00e1 participaci\u00f3n. Pero tam\u00e9n por eso, da que pensar a posibilidade e existencia de bulos diversos debido \u00e1 desinformaci\u00f3n. E as\u00ed, boto de menos na noticia a petici\u00f3n de confirmaci\u00f3n oficial e aclaraci\u00f3n do que se pretende facer: non dubido que se se tenta levantar \u00e1 sociedade para xerar unha oposici\u00f3n \u00f3 desmantelamento do ISM ribadense, se te\u00f1a a seguridade de que tal cousa vai pasar, pero nese caso, deberan saberse, e polo tanto dicirse, tam\u00e9n o por que e o como para ter un panorama completo do que est\u00e1 a suceder. Entre outras cousas, porque Ribadeo non est\u00e1 illado do resto de Galicia ou do estado e o ISM \u00e9 supramunicipal, polo tanto non debera encadrarse s\u00f3 nunha xesti\u00f3n de tipo municipal, sen\u00f3n de tipo m\u00e1is amplo, e o enfoque dado \u00e1 protesta, segundo o por que e o como iniciais pode ser ben diferente. Fai falta lembrar aquelo de &#8216;informaci\u00f3n \u00e9 poder&#8217;?<\/p>\n","protected":false},"excerpt":{"rendered":"<p>Na foto, o nivelado da base do peirao de Mirasol, tomada a semana pasada. Alerta UPRi de que Ribadeo est\u00e1 a piques de perder a delegaci\u00f3n do ISM que mant\u00e9n na Casa do Mar, e prop\u00f3n tomar medidas preventivas. \u00c9 de supo\u00f1er que a informaci\u00f3n sexa certa e que se te\u00f1a pensado pechar a curto [&hellip;]<\/p>\n","protected":false},"author":3,"featured_media":0,"comment_status":"open","ping_status":"closed","sticky":false,"template":"","format":"standard","meta":{"activitypub_content_warning":"","activitypub_content_visibility":"","activitypub_max_image_attachments":3,"activitypub_interaction_policy_quote":"anyone","activitypub_status":"federate","footnotes":""},"categories":[1],"tags":[57,13],"class_list":["post-8530","post","type-post","status-publish","format-standard","hentry","category-sen-categoria","tag-fotos-ria-de-ribadeo","tag-politica"],"_links":{"self":[{"href":"https:\/\/blogs.amarinha.gal\/ribadeando\/wp-json\/wp\/v2\/posts\/8530","targetHints":{"allow":["GET"]}}],"collection":[{"href":"https:\/\/blogs.amarinha.gal\/ribadeando\/wp-json\/wp\/v2\/posts"}],"about":[{"href":"https:\/\/blogs.amarinha.gal\/ribadeando\/wp-json\/wp\/v2\/types\/post"}],"author":[{"embeddable":true,"href":"https:\/\/blogs.amarinha.gal\/ribadeando\/wp-json\/wp\/v2\/users\/3"}],"replies":[{"embeddable":true,"href":"https:\/\/blogs.amarinha.gal\/ribadeando\/wp-json\/wp\/v2\/comments?post=8530"}],"version-history":[{"count":0,"href":"https:\/\/blogs.amarinha.gal\/ribadeando\/wp-json\/wp\/v2\/posts\/8530\/revisions"}],"wp:attachment":[{"href":"https:\/\/blogs.amarinha.gal\/ribadeando\/wp-json\/wp\/v2\/media?parent=8530"}],"wp:term":[{"taxonomy":"category","embeddable":true,"href":"https:\/\/blogs.amarinha.gal\/ribadeando\/wp-json\/wp\/v2\/categories?post=8530"},{"taxonomy":"post_tag","embeddable":true,"href":"https:\/\/blogs.amarinha.gal\/ribadeando\/wp-json\/wp\/v2\/tags?post=8530"}],"curies":[{"name":"wp","href":"https:\/\/api.w.org\/{rel}","templated":true}]}}