{"id":8528,"date":"2010-01-29T07:23:00","date_gmt":"2010-01-29T06:23:00","guid":{"rendered":""},"modified":"2024-11-12T15:02:32","modified_gmt":"2024-11-12T14:02:32","slug":"de-novo-o-ism","status":"publish","type":"post","link":"https:\/\/blogs.amarinha.gal\/ribadeando\/2010\/01\/29\/de-novo-o-ism\/","title":{"rendered":"De novo, o ISM"},"content":{"rendered":"<p>Cando comeza unha pol\u00e9mica, o normal \u00e9 que non pare de xeito inmediato, sen\u00f3n que coletee, e que saia \u00e1 luz novos datos. As\u00ed parece estar a pasar co <a href=\"http:\/\/ribadeando.blogspot.com\/2010\/01\/instituto-social-da-marina.html\">ISM, que saiu no blog hai un par de d\u00edas e suscitou aclaraci\u00f3ns en forma de comentarios sobre a s\u00faa situaci\u00f3n<\/a>. Agora volta a sa\u00edr na prensa, quiz\u00e1is do xeito que ter\u00eda que ter sa\u00eddo en principio: cunha aclaraci\u00f3n do propio ISM.<br \/>\nComo aparece nun comentario da entrada anterior, o ISM est\u00e1 en realidade &#8216;morto&#8217; dende os pactos de Toledo, hai agora uns vinte anos, nos que se acordou o seu desmantelamento (\u00f3 igual que outros institutos semellantes para outras \u00e1reas laborais) e o traslado dos s\u00faas funci\u00f3ns \u00f3 INS, que aglutina as mesmas funci\u00f3ns para a xeralidade dos traballadores. \u00c9 dicir, tr\u00e1tase dunha racionalizaci\u00f3n de servizos xa acordada hai moito tempo, e m\u00e1is ben o inexplicable \u00e9 que siga existindo vinte anos despois. Dende os pactos de Toledo t\u00e9\u00f1ense ido reducindo postos de traballo no ISM, pero sen rematar de integralo totalmente. Agora, en Ribadeo, pret\u00e9ndese dar ese paso de integraci\u00f3n, o que non significa que leven o servizo para outro lugar, sen\u00f3n para outra instituci\u00f3n, quedando en Ribadeo pero noutra oficina, a do INS.<br \/>\nDespois, rodeando os feitos, est\u00e1 a pol\u00edtica. Pero eso xa \u00e9 outra cousa.<br \/>\nSer\u00eda moito pedir, outra vez, que a transparencia nas instituci\u00f3ns fora a norma e non a excepci\u00f3n? As ventaxas son evidentes, comezando porque as administraci\u00f3ns, pol\u00edticos e cargos diversos, verianse na obriga de facer as cousas cunha visi\u00f3n m\u00e1is xeral e tendo m\u00e1is en conta a todos os administrados.<\/p>\n","protected":false},"excerpt":{"rendered":"<p>Cando comeza unha pol\u00e9mica, o normal \u00e9 que non pare de xeito inmediato, sen\u00f3n que coletee, e que saia \u00e1 luz novos datos. As\u00ed parece estar a pasar co ISM, que saiu no blog hai un par de d\u00edas e suscitou aclaraci\u00f3ns en forma de comentarios sobre a s\u00faa situaci\u00f3n. Agora volta a sa\u00edr na [&hellip;]<\/p>\n","protected":false},"author":3,"featured_media":0,"comment_status":"open","ping_status":"closed","sticky":false,"template":"","format":"standard","meta":{"activitypub_content_warning":"","activitypub_content_visibility":"","activitypub_max_image_attachments":3,"activitypub_interaction_policy_quote":"anyone","activitypub_status":"federate","footnotes":""},"categories":[1],"tags":[9],"class_list":["post-8528","post","type-post","status-publish","format-standard","hentry","category-sen-categoria","tag-sociedade"],"_links":{"self":[{"href":"https:\/\/blogs.amarinha.gal\/ribadeando\/wp-json\/wp\/v2\/posts\/8528","targetHints":{"allow":["GET"]}}],"collection":[{"href":"https:\/\/blogs.amarinha.gal\/ribadeando\/wp-json\/wp\/v2\/posts"}],"about":[{"href":"https:\/\/blogs.amarinha.gal\/ribadeando\/wp-json\/wp\/v2\/types\/post"}],"author":[{"embeddable":true,"href":"https:\/\/blogs.amarinha.gal\/ribadeando\/wp-json\/wp\/v2\/users\/3"}],"replies":[{"embeddable":true,"href":"https:\/\/blogs.amarinha.gal\/ribadeando\/wp-json\/wp\/v2\/comments?post=8528"}],"version-history":[{"count":0,"href":"https:\/\/blogs.amarinha.gal\/ribadeando\/wp-json\/wp\/v2\/posts\/8528\/revisions"}],"wp:attachment":[{"href":"https:\/\/blogs.amarinha.gal\/ribadeando\/wp-json\/wp\/v2\/media?parent=8528"}],"wp:term":[{"taxonomy":"category","embeddable":true,"href":"https:\/\/blogs.amarinha.gal\/ribadeando\/wp-json\/wp\/v2\/categories?post=8528"},{"taxonomy":"post_tag","embeddable":true,"href":"https:\/\/blogs.amarinha.gal\/ribadeando\/wp-json\/wp\/v2\/tags?post=8528"}],"curies":[{"name":"wp","href":"https:\/\/api.w.org\/{rel}","templated":true}]}}