{"id":8524,"date":"2010-01-31T01:06:00","date_gmt":"2010-01-31T00:06:00","guid":{"rendered":""},"modified":"2024-11-12T15:02:27","modified_gmt":"2024-11-12T14:02:27","slug":"escudo","status":"publish","type":"post","link":"https:\/\/blogs.amarinha.gal\/ribadeando\/2010\/01\/31\/escudo\/","title":{"rendered":"Escudo"},"content":{"rendered":"<p>Aparecu onte na prensa a nova de que a Aduana ten outra vez na fachada o escudo <a href=\"http:\/\/ribadeando.blogspot.com\/2009\/08\/un-blason-en-ribadeo-o-escudo-da-aduana.html\">preconstitucional. A cousa non \u00e9 nova, pois est\u00e1 no blog dende hai tempo, e xa levaba alg\u00fan ma\u00eds cando me decatei do tema<\/a>.<\/p>\n","protected":false},"excerpt":{"rendered":"<p>Aparecu onte na prensa a nova de que a Aduana ten outra vez na fachada o escudo preconstitucional. A cousa non \u00e9 nova, pois est\u00e1 no blog dende hai tempo, e xa levaba alg\u00fan ma\u00eds cando me decatei do tema.<\/p>\n","protected":false},"author":3,"featured_media":0,"comment_status":"open","ping_status":"closed","sticky":false,"template":"","format":"standard","meta":{"activitypub_content_warning":"","activitypub_content_visibility":"","activitypub_max_image_attachments":3,"activitypub_interaction_policy_quote":"anyone","activitypub_status":"federate","footnotes":""},"categories":[1],"tags":[13],"class_list":["post-8524","post","type-post","status-publish","format-standard","hentry","category-sen-categoria","tag-politica"],"_links":{"self":[{"href":"https:\/\/blogs.amarinha.gal\/ribadeando\/wp-json\/wp\/v2\/posts\/8524","targetHints":{"allow":["GET"]}}],"collection":[{"href":"https:\/\/blogs.amarinha.gal\/ribadeando\/wp-json\/wp\/v2\/posts"}],"about":[{"href":"https:\/\/blogs.amarinha.gal\/ribadeando\/wp-json\/wp\/v2\/types\/post"}],"author":[{"embeddable":true,"href":"https:\/\/blogs.amarinha.gal\/ribadeando\/wp-json\/wp\/v2\/users\/3"}],"replies":[{"embeddable":true,"href":"https:\/\/blogs.amarinha.gal\/ribadeando\/wp-json\/wp\/v2\/comments?post=8524"}],"version-history":[{"count":0,"href":"https:\/\/blogs.amarinha.gal\/ribadeando\/wp-json\/wp\/v2\/posts\/8524\/revisions"}],"wp:attachment":[{"href":"https:\/\/blogs.amarinha.gal\/ribadeando\/wp-json\/wp\/v2\/media?parent=8524"}],"wp:term":[{"taxonomy":"category","embeddable":true,"href":"https:\/\/blogs.amarinha.gal\/ribadeando\/wp-json\/wp\/v2\/categories?post=8524"},{"taxonomy":"post_tag","embeddable":true,"href":"https:\/\/blogs.amarinha.gal\/ribadeando\/wp-json\/wp\/v2\/tags?post=8524"}],"curies":[{"name":"wp","href":"https:\/\/api.w.org\/{rel}","templated":true}]}}