{"id":8523,"date":"2010-01-31T22:29:00","date_gmt":"2010-01-31T21:29:00","guid":{"rendered":""},"modified":"2024-11-12T15:02:26","modified_gmt":"2024-11-12T14:02:26","slug":"en-ourense","status":"publish","type":"post","link":"https:\/\/blogs.amarinha.gal\/ribadeando\/2010\/01\/31\/en-ourense\/","title":{"rendered":"En Ourense"},"content":{"rendered":"<p>Ou sexa, aqu\u00ed \u00e1 beira&#8230;<br \/>\n&#8216;Feij\u00f3o:&#8221;Qued\u00f3 claro que este no es un partido de caciques&#8221;&#8216;<br \/>\n&#8216;La dinast\u00eda Baltar derrota a Rajoy y a Feij\u00f3o en el PP de Ourense al conquistar la presidencia provincial&#8217;<br \/>\nAmbas frases forman titulares dunha nova (<a href=\"http:\/\/www.publico.es\/espana\/290562\/baltar\/pp\/ourense\/presidente\/provincial\/rajoy\/feijoo?ct=bounce&#038;cf=lomas&#038;cfid=detalle\">parte dela, en internet<\/a>). Casan entre si?<\/p>\n","protected":false},"excerpt":{"rendered":"<p>Ou sexa, aqu\u00ed \u00e1 beira&#8230; &#8216;Feij\u00f3o:&#8221;Qued\u00f3 claro que este no es un partido de caciques&#8221;&#8216; &#8216;La dinast\u00eda Baltar derrota a Rajoy y a Feij\u00f3o en el PP de Ourense al conquistar la presidencia provincial&#8217; Ambas frases forman titulares dunha nova (parte dela, en internet). Casan entre si?<\/p>\n","protected":false},"author":3,"featured_media":0,"comment_status":"open","ping_status":"closed","sticky":false,"template":"","format":"standard","meta":{"activitypub_content_warning":"","activitypub_content_visibility":"","activitypub_max_image_attachments":3,"activitypub_interaction_policy_quote":"anyone","activitypub_status":"federate","footnotes":""},"categories":[1],"tags":[13],"class_list":["post-8523","post","type-post","status-publish","format-standard","hentry","category-sen-categoria","tag-politica"],"_links":{"self":[{"href":"https:\/\/blogs.amarinha.gal\/ribadeando\/wp-json\/wp\/v2\/posts\/8523","targetHints":{"allow":["GET"]}}],"collection":[{"href":"https:\/\/blogs.amarinha.gal\/ribadeando\/wp-json\/wp\/v2\/posts"}],"about":[{"href":"https:\/\/blogs.amarinha.gal\/ribadeando\/wp-json\/wp\/v2\/types\/post"}],"author":[{"embeddable":true,"href":"https:\/\/blogs.amarinha.gal\/ribadeando\/wp-json\/wp\/v2\/users\/3"}],"replies":[{"embeddable":true,"href":"https:\/\/blogs.amarinha.gal\/ribadeando\/wp-json\/wp\/v2\/comments?post=8523"}],"version-history":[{"count":0,"href":"https:\/\/blogs.amarinha.gal\/ribadeando\/wp-json\/wp\/v2\/posts\/8523\/revisions"}],"wp:attachment":[{"href":"https:\/\/blogs.amarinha.gal\/ribadeando\/wp-json\/wp\/v2\/media?parent=8523"}],"wp:term":[{"taxonomy":"category","embeddable":true,"href":"https:\/\/blogs.amarinha.gal\/ribadeando\/wp-json\/wp\/v2\/categories?post=8523"},{"taxonomy":"post_tag","embeddable":true,"href":"https:\/\/blogs.amarinha.gal\/ribadeando\/wp-json\/wp\/v2\/tags?post=8523"}],"curies":[{"name":"wp","href":"https:\/\/api.w.org\/{rel}","templated":true}]}}