{"id":8522,"date":"2010-02-01T07:23:00","date_gmt":"2010-02-01T06:23:00","guid":{"rendered":""},"modified":"2024-11-12T15:02:24","modified_gmt":"2024-11-12T14:02:24","slug":"vivente-ferrer-e-o-nobel","status":"publish","type":"post","link":"https:\/\/blogs.amarinha.gal\/ribadeando\/2010\/02\/01\/vivente-ferrer-e-o-nobel\/","title":{"rendered":"Vicente Ferrer e o Nobel"},"content":{"rendered":"<p><a href=\"http:\/\/gl.wikipedia.org\/wiki\/Vicente_Ferrer\">Vicente Ferrer<\/a> foi (pois xa morreu) un home de ben que comezou a s\u00faa vida na India como misioneiro, e rematouna al\u00ed deixando a outros a misi\u00f3n. A s\u00faa vida sufriu diversos cambios, dende o anarquismo \u00e1 relixi\u00f3n e logo \u00e1 doaz\u00f3n de si mesmo, ata desenvoltar unha rede de axuda e desenvolvemento nunha das rexi\u00f3ns m\u00e1is pobres do mundo. Agora a <a href=\"http:\/\/www.fundacionvicenteferrer.org\/esp\/home.php\">fundaci\u00f3n que leva o seu nome<\/a> est\u00e1 impulsando a s\u00faa candidatura para o <a href=\"http:\/\/www.nobeldelapaz.org\/\">Nobel da Paz<\/a>, que ser\u00e1 <a href=\"http:\/\/www.publico.es\/290634\/plataforma\/ciudadana\/presenta\/hoy\/oslo\/candidatura\/fundacion\/vicente\/ferrer\/nobel\">presentada hoxe en Oslo<\/a>. A semana pasada saltou \u00f3s medios a noticia da candidatura, e dende aquela foise espallando a nova.<br \/>\nO caso \u00e9 que onte aparec\u00eda unha<a href=\"http:\/\/www.publico.es\/estaticos\/pdf\/archivo\/31012010-64.jpg\"> vi\u00f1eta<\/a> no &#8216;<a href=\"http:\/\/www.publico.es\/\">P\u00fablico<\/a>&#8216; abondo ilustrativa sobre o tema: a comparaci\u00f3n nunha manifestaci\u00f3n entre a actividade de Vicente Ferrer para aspirar \u00f3 Nobel e a posible negatividade da mesma debido \u00f3 criterio usado para a concesi\u00f3n do \u00faltimo Nobel da Paz, Barack Obama.<br \/>\nO certo \u00e9 que, aparte de estar morto e seren concedidos os Nobel a xente a\u00ednda viva, Vivente Ferrer non se axusta moi ben \u00f3 perfil, non s\u00f3 en comparaci\u00f3n con Obama sen\u00f3n con outros moitos persoeiros, en particular pol\u00edticos, que apsaron por ali.<br \/>\nM\u00e1is ben a campa\u00f1a parece unha propaganda da fundaci\u00f3n para seguir dispo\u00f1endo dun m\u00ednimo de efectivo co que facer fronte \u00e1 s\u00faa labor.<br \/>\n&#8220;Cando a mi\u00f1a voz cale coa morte, o meu coraz\u00f3n seguirate a falar&#8221;, cita de <a href=\"http:\/\/gl.wikipedia.org\/wiki\/Rabindranath_Tagore\">Rabindranath Tagore<\/a> usada para abrir un artigo sobre Vicente Ferrer, \u00e9 abondo ilustrativa do que se pretende: seguir co legado do morto nun mundo no que se pretende acalar moitas ideas.<\/p>\n","protected":false},"excerpt":{"rendered":"<p>Vicente Ferrer foi (pois xa morreu) un home de ben que comezou a s\u00faa vida na India como misioneiro, e rematouna al\u00ed deixando a outros a misi\u00f3n. A s\u00faa vida sufriu diversos cambios, dende o anarquismo \u00e1 relixi\u00f3n e logo \u00e1 doaz\u00f3n de si mesmo, ata desenvoltar unha rede de axuda e desenvolvemento nunha das [&hellip;]<\/p>\n","protected":false},"author":3,"featured_media":0,"comment_status":"open","ping_status":"closed","sticky":false,"template":"","format":"standard","meta":{"activitypub_content_warning":"","activitypub_content_visibility":"","activitypub_max_image_attachments":3,"activitypub_interaction_policy_quote":"anyone","activitypub_status":"federate","footnotes":""},"categories":[1],"tags":[9],"class_list":["post-8522","post","type-post","status-publish","format-standard","hentry","category-sen-categoria","tag-sociedade"],"_links":{"self":[{"href":"https:\/\/blogs.amarinha.gal\/ribadeando\/wp-json\/wp\/v2\/posts\/8522","targetHints":{"allow":["GET"]}}],"collection":[{"href":"https:\/\/blogs.amarinha.gal\/ribadeando\/wp-json\/wp\/v2\/posts"}],"about":[{"href":"https:\/\/blogs.amarinha.gal\/ribadeando\/wp-json\/wp\/v2\/types\/post"}],"author":[{"embeddable":true,"href":"https:\/\/blogs.amarinha.gal\/ribadeando\/wp-json\/wp\/v2\/users\/3"}],"replies":[{"embeddable":true,"href":"https:\/\/blogs.amarinha.gal\/ribadeando\/wp-json\/wp\/v2\/comments?post=8522"}],"version-history":[{"count":0,"href":"https:\/\/blogs.amarinha.gal\/ribadeando\/wp-json\/wp\/v2\/posts\/8522\/revisions"}],"wp:attachment":[{"href":"https:\/\/blogs.amarinha.gal\/ribadeando\/wp-json\/wp\/v2\/media?parent=8522"}],"wp:term":[{"taxonomy":"category","embeddable":true,"href":"https:\/\/blogs.amarinha.gal\/ribadeando\/wp-json\/wp\/v2\/categories?post=8522"},{"taxonomy":"post_tag","embeddable":true,"href":"https:\/\/blogs.amarinha.gal\/ribadeando\/wp-json\/wp\/v2\/tags?post=8522"}],"curies":[{"name":"wp","href":"https:\/\/api.w.org\/{rel}","templated":true}]}}