{"id":8514,"date":"2010-02-05T07:35:00","date_gmt":"2010-02-05T06:35:00","guid":{"rendered":""},"modified":"2024-11-12T15:02:06","modified_gmt":"2024-11-12T14:02:06","slug":"entre-hoxe-e-mana","status":"publish","type":"post","link":"https:\/\/blogs.amarinha.gal\/ribadeando\/2010\/02\/05\/entre-hoxe-e-mana\/","title":{"rendered":"Entre hoxe e ma\u00f1\u00e1"},"content":{"rendered":"<p>A parte das actividades xa expostas con anterioridade no blog (<a href=\"http:\/\/ribadeando.blogspot.com\/2010\/02\/axenda-de-actividades-culturais-do.html\">aqu\u00ed<\/a> ou <a href=\"http:\/\/ribadeando.blogspot.com\/2010\/02\/avisos-diversos-recibidos.html\">aqu\u00ed<\/a>), este fin de semana hai previsto en Ribadeo un par de cousas m\u00e1is.<br \/>\nUnha, no Parque de san Francisco, a Festa do Freix\u00f3, ma\u00f1\u00e1, 6 de febreiro de 2010 a partires das 16:00 h e pasado, 7 de febreiro de 2010 a partires das 18:00 h, a modo non s\u00f3 de desfrute sen\u00f3n tam\u00e9n de anuncio do Entroido. (esto xa estaba anunciado no blog, pero hai ampliaci\u00f3n de datos)<br \/>\nHoxe venres 5, \u00e1s 20:30, na Casa das letras, presentaci\u00f3n do libro &#8220;55 mentiras sobre a lingua galega&#8221;, a conta de Xavier Campos e Roc\u00edo Dourado<\/p>\n","protected":false},"excerpt":{"rendered":"<p>A parte das actividades xa expostas con anterioridade no blog (aqu\u00ed ou aqu\u00ed), este fin de semana hai previsto en Ribadeo un par de cousas m\u00e1is. Unha, no Parque de san Francisco, a Festa do Freix\u00f3, ma\u00f1\u00e1, 6 de febreiro de 2010 a partires das 16:00 h e pasado, 7 de febreiro de 2010 a [&hellip;]<\/p>\n","protected":false},"author":3,"featured_media":0,"comment_status":"open","ping_status":"closed","sticky":false,"template":"","format":"standard","meta":{"activitypub_content_warning":"","activitypub_content_visibility":"","activitypub_max_image_attachments":3,"activitypub_interaction_policy_quote":"anyone","activitypub_status":"federated","footnotes":""},"categories":[1],"tags":[10,9],"class_list":["post-8514","post","type-post","status-publish","format-standard","hentry","category-sen-categoria","tag-cultura","tag-sociedade"],"_links":{"self":[{"href":"https:\/\/blogs.amarinha.gal\/ribadeando\/wp-json\/wp\/v2\/posts\/8514","targetHints":{"allow":["GET"]}}],"collection":[{"href":"https:\/\/blogs.amarinha.gal\/ribadeando\/wp-json\/wp\/v2\/posts"}],"about":[{"href":"https:\/\/blogs.amarinha.gal\/ribadeando\/wp-json\/wp\/v2\/types\/post"}],"author":[{"embeddable":true,"href":"https:\/\/blogs.amarinha.gal\/ribadeando\/wp-json\/wp\/v2\/users\/3"}],"replies":[{"embeddable":true,"href":"https:\/\/blogs.amarinha.gal\/ribadeando\/wp-json\/wp\/v2\/comments?post=8514"}],"version-history":[{"count":0,"href":"https:\/\/blogs.amarinha.gal\/ribadeando\/wp-json\/wp\/v2\/posts\/8514\/revisions"}],"wp:attachment":[{"href":"https:\/\/blogs.amarinha.gal\/ribadeando\/wp-json\/wp\/v2\/media?parent=8514"}],"wp:term":[{"taxonomy":"category","embeddable":true,"href":"https:\/\/blogs.amarinha.gal\/ribadeando\/wp-json\/wp\/v2\/categories?post=8514"},{"taxonomy":"post_tag","embeddable":true,"href":"https:\/\/blogs.amarinha.gal\/ribadeando\/wp-json\/wp\/v2\/tags?post=8514"}],"curies":[{"name":"wp","href":"https:\/\/api.w.org\/{rel}","templated":true}]}}