{"id":8512,"date":"2010-02-05T17:28:00","date_gmt":"2010-02-05T16:28:00","guid":{"rendered":""},"modified":"2024-11-12T15:02:04","modified_gmt":"2024-11-12T14:02:04","slug":"nota-de-prensa-da-plataforma-sanitaria","status":"publish","type":"post","link":"https:\/\/blogs.amarinha.gal\/ribadeando\/2010\/02\/05\/nota-de-prensa-da-plataforma-sanitaria\/","title":{"rendered":"Nota de prensa da plataforma sanitaria"},"content":{"rendered":"<p>A  EXECUTIVA DA PLATAFORMA EN DEFENSA DA \u00c1REA NORTE E DA SANIDADE PUBLICA, tivo onte d\u00eda 4 de febreiro  as 17,30h unha reuni\u00f3n con membros da Conseller\u00eda de Sanidade.<br \/>\nAsistentes:<br \/>\nPola Plataforma: Pilar M\u00e9ndez, Ram\u00f3n V\u00e1zquez Andrade, Rosa L\u00f3pez, F\u00e1tima Rodr\u00edguez Moreda.<br \/>\nPola Conseller\u00eda: \u00c1ngel Facio Villanueva (Subdirector Xeral de Planificaci\u00f3n e Ordenaci\u00f3n Asistencial), Mercedes Carrera Vi\u00f1as (Subdirectora Xeral de Desenvolvemento e Seguridade Asistencial), Luis Verdes (Xerente da \u00c1rea Sanitaria de Ferrol). \u00c1s 18h30 incorporouse a Conselleira de Sanidade, Pilar Farjas Abad\u00eda.<br \/>\nInicio da reuni\u00f3n: exposici\u00f3n dunha serie de cuesti\u00f3ns por parte dos representantes da Plataforma a fin que os representantes da Conseller\u00eda deran as oportunas respostas.<br \/>\n1. En relaci\u00f3n \u00f3 ORGANIGRAMA da \u00e1rea sanitaria norte, iniciase cunha exposici\u00f3n da actual situaci\u00f3n do mapa sanitario, tanto a nivel de asistencia primaria (toda a provincia de Lugo) como a nivel de asistencia especializada (A Mari\u00f1a).<br \/>\n&#8211; as \u00e1reas sanitarias non van variar. O que var\u00eda \u00e9 o modelo de organizaci\u00f3n, pero non se modificar\u00e1n demasiadas cousas.<br \/>\n&#8211; a proposta do modelo organizativo de coordinaci\u00f3n sanitaria notificarase \u00f3s interesados e colgarase na web do SERGAS para que se fagan as oportunas alegaci\u00f3ns. A\u00ednda se est\u00e1 traballando neste tema.<br \/>\n&#8211; insistencia no marco normativo que hai que respectar (Lei 8\/2008 de Sa\u00fade de Galicia).<br \/>\n&#8211; a\u00ednda que se estableza un sistema de xesti\u00f3n integrada, haber\u00e1 dous niveis orzamentarios: un para atenci\u00f3n primaria e outro para atenci\u00f3n especializada.<br \/>\nNeste momento incorp\u00f3rase \u00e1 reuni\u00f3n a Conselleira de Sanidade quen, na s\u00faa exposici\u00f3n e a preguntas da Plataforma, afirma o seguinte:<br \/>\n&#8211; co novo modelo de ordenaci\u00f3n b\u00fascase a promoci\u00f3n e mellora do Hospital da Costa<br \/>\n&#8211; pret\u00e9ndese que sexa o profesional do centro \u201cgrande\u201d (Lugo) o que se mova \u00f3 \u201cpequeno\u201d (Burela).<br \/>\n&#8211; a carteira de servizos  non solo se manter\u00e1, se non que se ampliar\u00e1<br \/>\n&#8211; a \u00c1rea Norte ter\u00e1 xerencia propia, ser\u00e1 unha xerencia integrada polo que se xestionar\u00e1 a asistencia primaria e a asistencia especializada polo mesmo xerente de \u00e1rea.<br \/>\n&#8211; a xerencia de Burela ter\u00e1 un presuposto propio independente de Lugo<br \/>\n&#8211; da \u201csuperxerencia\u201d de Santiago depender\u00e1n as xerencias das \u00e1reas sanitarias, haber\u00e1 unha xerencia \u00fanica\/integrada en cada \u00e1rea dependente de Santiago.<br \/>\nA XERENCIA INTEGRADA DE \u00c1REA NORTE TER\u00c1 PLENA AUTONOMIA NA XESTI\u00d3N DE RECURSOS MATERIAIS E HUMANOS: O CENTRO DE GASTO ESTAR\u00c1 EN BURELA.<br \/>\nEsta plataforma estar\u00e1  vixiante   para que estas  declaraci\u00f3ns da Sra. Conselleira se cumpran tal e  como ela  as manifesta.<br \/>\nBurela, 5 de febreiro de 2010<br \/>\n* Algunhas referencias anteriores no blog: <a href=\"http:\/\/ribadeando.blogspot.com\/2010\/02\/voltas-con-problemas.html\">1<\/a>, <a href=\"http:\/\/ribadeando.blogspot.com\/2009\/12\/un-artigo-sobre-sanidade-que-pasa-na.html\">2<\/a>, <a href=\"http:\/\/ribadeando.blogspot.com\/2009\/10\/atopa-o-teu-camino.html\">3<\/a>, <a href=\"http:\/\/ribadeando.blogspot.com\/2009\/10\/xuntanzas-sobre-area-sanitaria-da.html\">4<\/a> &#8230;<\/p>\n","protected":false},"excerpt":{"rendered":"<p>A EXECUTIVA DA PLATAFORMA EN DEFENSA DA \u00c1REA NORTE E DA SANIDADE PUBLICA, tivo onte d\u00eda 4 de febreiro as 17,30h unha reuni\u00f3n con membros da Conseller\u00eda de Sanidade. Asistentes: Pola Plataforma: Pilar M\u00e9ndez, Ram\u00f3n V\u00e1zquez Andrade, Rosa L\u00f3pez, F\u00e1tima Rodr\u00edguez Moreda. Pola Conseller\u00eda: \u00c1ngel Facio Villanueva (Subdirector Xeral de Planificaci\u00f3n e Ordenaci\u00f3n Asistencial), Mercedes [&hellip;]<\/p>\n","protected":false},"author":3,"featured_media":0,"comment_status":"open","ping_status":"closed","sticky":false,"template":"","format":"standard","meta":{"activitypub_content_warning":"","activitypub_content_visibility":"","activitypub_max_image_attachments":3,"activitypub_interaction_policy_quote":"anyone","activitypub_status":"federated","footnotes":""},"categories":[1],"tags":[21,9],"class_list":["post-8512","post","type-post","status-publish","format-standard","hentry","category-sen-categoria","tag-economia","tag-sociedade"],"_links":{"self":[{"href":"https:\/\/blogs.amarinha.gal\/ribadeando\/wp-json\/wp\/v2\/posts\/8512","targetHints":{"allow":["GET"]}}],"collection":[{"href":"https:\/\/blogs.amarinha.gal\/ribadeando\/wp-json\/wp\/v2\/posts"}],"about":[{"href":"https:\/\/blogs.amarinha.gal\/ribadeando\/wp-json\/wp\/v2\/types\/post"}],"author":[{"embeddable":true,"href":"https:\/\/blogs.amarinha.gal\/ribadeando\/wp-json\/wp\/v2\/users\/3"}],"replies":[{"embeddable":true,"href":"https:\/\/blogs.amarinha.gal\/ribadeando\/wp-json\/wp\/v2\/comments?post=8512"}],"version-history":[{"count":0,"href":"https:\/\/blogs.amarinha.gal\/ribadeando\/wp-json\/wp\/v2\/posts\/8512\/revisions"}],"wp:attachment":[{"href":"https:\/\/blogs.amarinha.gal\/ribadeando\/wp-json\/wp\/v2\/media?parent=8512"}],"wp:term":[{"taxonomy":"category","embeddable":true,"href":"https:\/\/blogs.amarinha.gal\/ribadeando\/wp-json\/wp\/v2\/categories?post=8512"},{"taxonomy":"post_tag","embeddable":true,"href":"https:\/\/blogs.amarinha.gal\/ribadeando\/wp-json\/wp\/v2\/tags?post=8512"}],"curies":[{"name":"wp","href":"https:\/\/api.w.org\/{rel}","templated":true}]}}