{"id":8511,"date":"2010-02-06T10:26:00","date_gmt":"2010-02-06T09:26:00","guid":{"rendered":""},"modified":"2024-11-12T15:02:02","modified_gmt":"2024-11-12T14:02:02","slug":"novo-xiro-no-tema-do-expediente-o","status":"publish","type":"post","link":"https:\/\/blogs.amarinha.gal\/ribadeando\/2010\/02\/06\/novo-xiro-no-tema-do-expediente-o\/","title":{"rendered":"Novo xiro no tema do expediente \u00f3 director da direcci\u00f3n da banda e da escola"},"content":{"rendered":"<p>O concello liberou unha <a href=\"http:\/\/www.ribadeo.org\/actualidade\/nova.php?id=396&#038;lg=gal\">nota de prensa sobre o tema<\/a>:<br \/>\n&#8221;<br \/>\nA CONCELLEIRA DE CULTURA ACUDIU COMO TESTEMU\u00d1A<br \/>\nDeclaraci\u00f3n nos xulgados<br \/>\n05\/02\/2010<br \/>\nMariluz \u00c1lvarez Lastra prestou declaraci\u00f3n en calidade de testemu\u00f1a nos xulgados de Mondo\u00f1edo na xornada de onte.<br \/>\nA concelleira de Cultura e primeira tenente de alcalde en Ribadeo, Mariluz \u00c1lvarez Lastra, acudiu onte aos xulgados de Mondo\u00f1edo en calidade de testemu\u00f1a en relaci\u00f3n cunha peza separada do expedente disciplinario aberto ao director da Banda e da Escola de M\u00fasica. Dita peza poder\u00eda ter implicaci\u00f3ns que tivesen que dilucidarse diante da xurisdici\u00f3n ordinaria, proceso diferente ao expedente administrativo que segue o seu curso no Concello de Ribadeo.<br \/>\n&#8221;<br \/>\nNa realidade, non \u00e9 un novo xiro: con esta nova sae \u00e1 luz algo que xa era comentado dende hai tempo na r\u00faa: son dous expedientes diferentes os que xa se est\u00e1n a tratar en relaci\u00f3n co que se pode chamar a\u00ednda director da escola, un interno no concello e outro nos xulgados. O segundo probablemente dure m\u00e1is tempo, pero o levado a cabo de xeito  interno polo concello leva en marcha m\u00e1is tempo do esperado.<br \/>\n<a href=\"http:\/\/ribadeando.blogspot.com\/2009\/09\/de-ribadeo-o-chan-perdon-o-ceo.html\">Unha nota anterior sobre o caso do director da escola<\/a>.<\/p>\n","protected":false},"excerpt":{"rendered":"<p>O concello liberou unha nota de prensa sobre o tema: &#8221; A CONCELLEIRA DE CULTURA ACUDIU COMO TESTEMU\u00d1A Declaraci\u00f3n nos xulgados 05\/02\/2010 Mariluz \u00c1lvarez Lastra prestou declaraci\u00f3n en calidade de testemu\u00f1a nos xulgados de Mondo\u00f1edo na xornada de onte. A concelleira de Cultura e primeira tenente de alcalde en Ribadeo, Mariluz \u00c1lvarez Lastra, acudiu onte [&hellip;]<\/p>\n","protected":false},"author":3,"featured_media":0,"comment_status":"open","ping_status":"closed","sticky":false,"template":"","format":"standard","meta":{"activitypub_content_warning":"","activitypub_content_visibility":"","activitypub_max_image_attachments":3,"activitypub_interaction_policy_quote":"anyone","activitypub_status":"federated","footnotes":""},"categories":[1],"tags":[9],"class_list":["post-8511","post","type-post","status-publish","format-standard","hentry","category-sen-categoria","tag-sociedade"],"_links":{"self":[{"href":"https:\/\/blogs.amarinha.gal\/ribadeando\/wp-json\/wp\/v2\/posts\/8511","targetHints":{"allow":["GET"]}}],"collection":[{"href":"https:\/\/blogs.amarinha.gal\/ribadeando\/wp-json\/wp\/v2\/posts"}],"about":[{"href":"https:\/\/blogs.amarinha.gal\/ribadeando\/wp-json\/wp\/v2\/types\/post"}],"author":[{"embeddable":true,"href":"https:\/\/blogs.amarinha.gal\/ribadeando\/wp-json\/wp\/v2\/users\/3"}],"replies":[{"embeddable":true,"href":"https:\/\/blogs.amarinha.gal\/ribadeando\/wp-json\/wp\/v2\/comments?post=8511"}],"version-history":[{"count":0,"href":"https:\/\/blogs.amarinha.gal\/ribadeando\/wp-json\/wp\/v2\/posts\/8511\/revisions"}],"wp:attachment":[{"href":"https:\/\/blogs.amarinha.gal\/ribadeando\/wp-json\/wp\/v2\/media?parent=8511"}],"wp:term":[{"taxonomy":"category","embeddable":true,"href":"https:\/\/blogs.amarinha.gal\/ribadeando\/wp-json\/wp\/v2\/categories?post=8511"},{"taxonomy":"post_tag","embeddable":true,"href":"https:\/\/blogs.amarinha.gal\/ribadeando\/wp-json\/wp\/v2\/tags?post=8511"}],"curies":[{"name":"wp","href":"https:\/\/api.w.org\/{rel}","templated":true}]}}