{"id":8510,"date":"2010-02-06T10:43:00","date_gmt":"2010-02-06T09:43:00","guid":{"rendered":""},"modified":"2024-11-12T15:02:01","modified_gmt":"2024-11-12T14:02:01","slug":"onte","status":"publish","type":"post","link":"https:\/\/blogs.amarinha.gal\/ribadeando\/2010\/02\/06\/onte\/","title":{"rendered":"Onte"},"content":{"rendered":"<p><a onblur=\"try {parent.deselectBloggerImageGracefully();} catch(e) {}\" href=\"https:\/\/blogger.googleusercontent.com\/img\/b\/R29vZ2xl\/AVvXsEiBOKIDkDoNOuGjCcFOg9Nft3bINamUKzswFJ1qKdeaE5-TdZN_n1h2p7xnrGDPoXVNf0R_vgpCgrZL12JRGjJZk5JPsJOF4T5bvAIEuL8BcdN-rDS_4y4z6G1o-3_UzAZxKB9IFA\/s2048\/55+mentiras.jpg\"><img decoding=\"async\" src=\"https:\/\/blogger.googleusercontent.com\/img\/b\/R29vZ2xl\/AVvXsEiBOKIDkDoNOuGjCcFOg9Nft3bINamUKzswFJ1qKdeaE5-TdZN_n1h2p7xnrGDPoXVNf0R_vgpCgrZL12JRGjJZk5JPsJOF4T5bvAIEuL8BcdN-rDS_4y4z6G1o-3_UzAZxKB9IFA\/s2048\/55+mentiras.jpg\" alt=\"\" \/><\/a><br \/>\nDentro das actividades programadas para onte, asist\u00edn \u00e1 presentaci\u00f3n do libro 55 mentiras sobre a lingua galega, na Casa das Letras, \u00e1s 20:30, como estaba anunciado. O sal\u00f3n quedou cheo e a charla prolongouse nunha longa rolda de preguntas ata pasadas as dez da noite.<br \/>\nNovidades? Poucas, quiz\u00e1is a m\u00e1is importante \u00e9 o remarcar algo xa co\u00f1ecido, que as argumentaci\u00f3ns sobre lingua non sirven (a\u00ed est\u00e1 o libro para negar as 55 mentiras), sendo a lingua no fondo unha cuesti\u00f3n de sentemento, de elecci\u00f3n m\u00e1is que de argumentaci\u00f3n. O que non quere dicir, nin moito menos, que non te\u00f1a importancia a argumentaci\u00f3n. De feito, coido que en todo momento a discusi\u00f3n deu voltas ante un feito, que en xeral o galego \u00e9 unha opci\u00f3n elixida de xeito consciente, mentras que se non se plantexa tal escolla voluntaria, o que se fala \u00e9 o castel\u00e1n.<br \/>\nEn fin, o longo debate foi debido \u00f3s participantes, que encheron \u00f3 local, e que en xeral se v\u00edan implicados como usuarios da lingua. E os comentarios anteriores, non collidos s\u00f3 coa cabeza, sen\u00f3n entrelazados coa percepci\u00f3n de sentementos, son unha visi\u00f3n persoal dun dos participantes.<br \/>\n&#8230; por eso, toman m\u00e1is importancia as referencias externas, como esta sobre o libro presentado, no <a href=\"http:\/\/www.elpais.com\/articulo\/Galicia\/ensayo\/desmonta\/55\/mentiras\/lengua\/elpepuespgal\/20100206elpgal_13\/Tes\">El Pa\u00eds<\/a>.<br \/>\n&#8230; ou esta outra, sobre a <a href=\"http:\/\/www.20minutos.es\/noticia\/623080\/0\/desaparece\/lengua\/bo\/\">morte dunha lingua<\/a>, onte mesmo.<\/p>\n","protected":false},"excerpt":{"rendered":"<p>Dentro das actividades programadas para onte, asist\u00edn \u00e1 presentaci\u00f3n do libro 55 mentiras sobre a lingua galega, na Casa das Letras, \u00e1s 20:30, como estaba anunciado. O sal\u00f3n quedou cheo e a charla prolongouse nunha longa rolda de preguntas ata pasadas as dez da noite. Novidades? Poucas, quiz\u00e1is a m\u00e1is importante \u00e9 o remarcar algo [&hellip;]<\/p>\n","protected":false},"author":3,"featured_media":0,"comment_status":"open","ping_status":"closed","sticky":false,"template":"","format":"standard","meta":{"activitypub_content_warning":"","activitypub_content_visibility":"","activitypub_max_image_attachments":3,"activitypub_interaction_policy_quote":"anyone","activitypub_status":"federated","footnotes":""},"categories":[1],"tags":[10,9],"class_list":["post-8510","post","type-post","status-publish","format-standard","hentry","category-sen-categoria","tag-cultura","tag-sociedade"],"_links":{"self":[{"href":"https:\/\/blogs.amarinha.gal\/ribadeando\/wp-json\/wp\/v2\/posts\/8510","targetHints":{"allow":["GET"]}}],"collection":[{"href":"https:\/\/blogs.amarinha.gal\/ribadeando\/wp-json\/wp\/v2\/posts"}],"about":[{"href":"https:\/\/blogs.amarinha.gal\/ribadeando\/wp-json\/wp\/v2\/types\/post"}],"author":[{"embeddable":true,"href":"https:\/\/blogs.amarinha.gal\/ribadeando\/wp-json\/wp\/v2\/users\/3"}],"replies":[{"embeddable":true,"href":"https:\/\/blogs.amarinha.gal\/ribadeando\/wp-json\/wp\/v2\/comments?post=8510"}],"version-history":[{"count":0,"href":"https:\/\/blogs.amarinha.gal\/ribadeando\/wp-json\/wp\/v2\/posts\/8510\/revisions"}],"wp:attachment":[{"href":"https:\/\/blogs.amarinha.gal\/ribadeando\/wp-json\/wp\/v2\/media?parent=8510"}],"wp:term":[{"taxonomy":"category","embeddable":true,"href":"https:\/\/blogs.amarinha.gal\/ribadeando\/wp-json\/wp\/v2\/categories?post=8510"},{"taxonomy":"post_tag","embeddable":true,"href":"https:\/\/blogs.amarinha.gal\/ribadeando\/wp-json\/wp\/v2\/tags?post=8510"}],"curies":[{"name":"wp","href":"https:\/\/api.w.org\/{rel}","templated":true}]}}