{"id":8508,"date":"2010-02-09T00:55:00","date_gmt":"2010-02-08T23:55:00","guid":{"rendered":""},"modified":"2024-11-12T15:01:58","modified_gmt":"2024-11-12T14:01:58","slug":"revista-ribadeo","status":"publish","type":"post","link":"https:\/\/blogs.amarinha.gal\/ribadeando\/2010\/02\/09\/revista-ribadeo\/","title":{"rendered":"A revista &#8216;Ribadeo&#8217;"},"content":{"rendered":"<p>No ano 83 f\u00edxose no C.P. que agora leva o nome de D. Gregorio Sanz unha <a href=\"http:\/\/publicadoenribadeo.wikispaces.com\/Revista+Ribadeo\">revista monogr\u00e1fica sobre Ribadeo<\/a>. Coido que no momento foi a obra que describ\u00eda mellor o que Ribadeo era.  Agora est\u00e1 colgada en &#8216;<a href=\"http:\/\/publicadoenribadeo.wikispaces.com\">publicado en Ribadeo<\/a>&#8216;.<\/p>\n","protected":false},"excerpt":{"rendered":"<p>No ano 83 f\u00edxose no C.P. que agora leva o nome de D. Gregorio Sanz unha revista monogr\u00e1fica sobre Ribadeo. Coido que no momento foi a obra que describ\u00eda mellor o que Ribadeo era. Agora est\u00e1 colgada en &#8216;publicado en Ribadeo&#8216;.<\/p>\n","protected":false},"author":3,"featured_media":0,"comment_status":"open","ping_status":"closed","sticky":false,"template":"","format":"standard","meta":{"activitypub_content_warning":"","activitypub_content_visibility":"","activitypub_max_image_attachments":3,"activitypub_interaction_policy_quote":"anyone","activitypub_status":"federated","footnotes":""},"categories":[1],"tags":[10,9],"class_list":["post-8508","post","type-post","status-publish","format-standard","hentry","category-sen-categoria","tag-cultura","tag-sociedade"],"_links":{"self":[{"href":"https:\/\/blogs.amarinha.gal\/ribadeando\/wp-json\/wp\/v2\/posts\/8508","targetHints":{"allow":["GET"]}}],"collection":[{"href":"https:\/\/blogs.amarinha.gal\/ribadeando\/wp-json\/wp\/v2\/posts"}],"about":[{"href":"https:\/\/blogs.amarinha.gal\/ribadeando\/wp-json\/wp\/v2\/types\/post"}],"author":[{"embeddable":true,"href":"https:\/\/blogs.amarinha.gal\/ribadeando\/wp-json\/wp\/v2\/users\/3"}],"replies":[{"embeddable":true,"href":"https:\/\/blogs.amarinha.gal\/ribadeando\/wp-json\/wp\/v2\/comments?post=8508"}],"version-history":[{"count":0,"href":"https:\/\/blogs.amarinha.gal\/ribadeando\/wp-json\/wp\/v2\/posts\/8508\/revisions"}],"wp:attachment":[{"href":"https:\/\/blogs.amarinha.gal\/ribadeando\/wp-json\/wp\/v2\/media?parent=8508"}],"wp:term":[{"taxonomy":"category","embeddable":true,"href":"https:\/\/blogs.amarinha.gal\/ribadeando\/wp-json\/wp\/v2\/categories?post=8508"},{"taxonomy":"post_tag","embeddable":true,"href":"https:\/\/blogs.amarinha.gal\/ribadeando\/wp-json\/wp\/v2\/tags?post=8508"}],"curies":[{"name":"wp","href":"https:\/\/api.w.org\/{rel}","templated":true}]}}