{"id":8494,"date":"2010-02-20T09:33:00","date_gmt":"2010-02-20T08:33:00","guid":{"rendered":""},"modified":"2024-11-12T15:01:32","modified_gmt":"2024-11-12T14:01:32","slug":"asamblea-de-o-teson","status":"publish","type":"post","link":"https:\/\/blogs.amarinha.gal\/ribadeando\/2010\/02\/20\/asamblea-de-o-teson\/","title":{"rendered":"Asamblea de O Tes\u00f3n"},"content":{"rendered":"<p>Est\u00e1 convocada para hoxe <a href=\"http:\/\/o-teson.blogspot.com\/2010\/02\/convocatoria-asamblea-20100220.html\">s\u00e1bado 20 de febreiro<\/a>, cunha convocatoria que di:<br \/>\n&#8221;<br \/>\nPola presente comunicaci\u00f3n, conv\u00f3caselle \u00e1 Asamblea Xeral Ordinaria da Asociaci\u00f3n de Veci\u00f1os &#8216;O Tes\u00f3n&#8217;, que ter\u00e1 lugar no sal\u00f3n de actos da Casa do Mar de Ribadeo o d\u00eda 20 de febreiro de 2010, s\u00e1bado, \u00e1s 12 horas na 1\u00aa convocatoria ou \u00e1s 12:30 na segunda, coa seguinte orde do d\u00eda:<br \/>\n1.Lectura, e aprobaci\u00f3n se procede, da acta anterior.<br \/>\n2.Memoria de actividades ano 2009<br \/>\n3.Memoria econ\u00f3mica ano 2009<br \/>\n4.Programaci\u00f3n ano 2010<br \/>\n5.Orzamento ano 2010<br \/>\n6.Rogos e preguntas<br \/>\n&#8220;<\/p>\n","protected":false},"excerpt":{"rendered":"<p>Est\u00e1 convocada para hoxe s\u00e1bado 20 de febreiro, cunha convocatoria que di: &#8221; Pola presente comunicaci\u00f3n, conv\u00f3caselle \u00e1 Asamblea Xeral Ordinaria da Asociaci\u00f3n de Veci\u00f1os &#8216;O Tes\u00f3n&#8217;, que ter\u00e1 lugar no sal\u00f3n de actos da Casa do Mar de Ribadeo o d\u00eda 20 de febreiro de 2010, s\u00e1bado, \u00e1s 12 horas na 1\u00aa convocatoria ou [&hellip;]<\/p>\n","protected":false},"author":3,"featured_media":0,"comment_status":"open","ping_status":"closed","sticky":false,"template":"","format":"standard","meta":{"activitypub_content_warning":"","activitypub_content_visibility":"","activitypub_max_image_attachments":3,"activitypub_interaction_policy_quote":"anyone","activitypub_status":"federated","footnotes":""},"categories":[1],"tags":[74],"class_list":["post-8494","post","type-post","status-publish","format-standard","hentry","category-sen-categoria","tag-o-teson"],"_links":{"self":[{"href":"https:\/\/blogs.amarinha.gal\/ribadeando\/wp-json\/wp\/v2\/posts\/8494","targetHints":{"allow":["GET"]}}],"collection":[{"href":"https:\/\/blogs.amarinha.gal\/ribadeando\/wp-json\/wp\/v2\/posts"}],"about":[{"href":"https:\/\/blogs.amarinha.gal\/ribadeando\/wp-json\/wp\/v2\/types\/post"}],"author":[{"embeddable":true,"href":"https:\/\/blogs.amarinha.gal\/ribadeando\/wp-json\/wp\/v2\/users\/3"}],"replies":[{"embeddable":true,"href":"https:\/\/blogs.amarinha.gal\/ribadeando\/wp-json\/wp\/v2\/comments?post=8494"}],"version-history":[{"count":0,"href":"https:\/\/blogs.amarinha.gal\/ribadeando\/wp-json\/wp\/v2\/posts\/8494\/revisions"}],"wp:attachment":[{"href":"https:\/\/blogs.amarinha.gal\/ribadeando\/wp-json\/wp\/v2\/media?parent=8494"}],"wp:term":[{"taxonomy":"category","embeddable":true,"href":"https:\/\/blogs.amarinha.gal\/ribadeando\/wp-json\/wp\/v2\/categories?post=8494"},{"taxonomy":"post_tag","embeddable":true,"href":"https:\/\/blogs.amarinha.gal\/ribadeando\/wp-json\/wp\/v2\/tags?post=8494"}],"curies":[{"name":"wp","href":"https:\/\/api.w.org\/{rel}","templated":true}]}}