{"id":8493,"date":"2010-02-20T09:37:00","date_gmt":"2010-02-20T08:37:00","guid":{"rendered":""},"modified":"2024-11-12T15:01:31","modified_gmt":"2024-11-12T14:01:31","slug":"segue-o-entroido","status":"publish","type":"post","link":"https:\/\/blogs.amarinha.gal\/ribadeando\/2010\/02\/20\/segue-o-entroido\/","title":{"rendered":"Segue o entroido"},"content":{"rendered":"<p>Si, en contra do que dic\u00eda o titular dunha entrada antonte, &#8220;<a href=\"http:\/\/ribadeando.blogspot.com\/2010\/02\/rematou-o-entroido.html\">Rematou o entroido<\/a>&#8220;, e como apostillaba por contra un comentario, parece que na realidade a\u00ednda non rematou o entroido. E non o digo polo enterro da sardi\u00f1a, sen\u00f3n polo que est\u00e1 a suceder en Ribadeo. Pode que unha boa introducci\u00f3n \u00f3 &#8220;entroido non interruptus&#8221; (perd\u00f3n pola adaptaci\u00f3n \u00f3s que sabedes lat\u00edn) sexa o <a href=\"http:\/\/cargadoiro.blogcindario.com\/2010\/02\/00286-el-sucio-juego-politico.html\">\u00faltimo artigo de Jos\u00e9 Mar\u00eda no seu blog<\/a>, que se ve refrendado hoxe na prensa coas novas, nas que, por exemplo, se cuestiona por un edil exalcalde a subvenci\u00f3n do entroido, mentras que os ataques do mesmo onte sobre o secado de \u00e1rbores son <a href=\"http:\/\/www.lavozdegalicia.es\/amarina\/2010\/02\/20\/0003_8306195.htm\">contestados hoxe en base \u00f3 vandalismo<\/a>, de xeito semellante \u00f3 que xa sucedera cando era alcalde.<br \/>\nPor certo que tiven que corrixir a mi\u00f1a idea de canto tempo estiveran sen cobrar alcalde e tenente de alcalde no 2007. Buceando no blog atopei  que a retirada de soldo f\u00edxose o <a href=\"http:\/\/ribadeando.blogspot.com\/2007\/04\/escola-de-msica-hernn-naval-e-futuro.html\">20070423<\/a>, mentras que a nova corporaci\u00f3n creouse no <a href=\"http:\/\/ribadeando.blogspot.com\/2007\/06\/sobre-criterios.html\">20070627<\/a>, \u00e9 dicir, pasaron 65 d\u00edas co soldo retirado, algo m\u00e1is de dous meses e non dun, como deixei dito nalg\u00fan comentario que pasarei a corrixir. A cousa non var\u00eda moito, segue a ser un soldo mensual de 1 000 000 das antigas pesetas en n\u00fameros redondos. Pero iso xa se esqueceu, excepto na Comarca, na que polo seu car\u00e1cter semanal chegan as novas con desfase.<\/p>\n","protected":false},"excerpt":{"rendered":"<p>Si, en contra do que dic\u00eda o titular dunha entrada antonte, &#8220;Rematou o entroido&#8220;, e como apostillaba por contra un comentario, parece que na realidade a\u00ednda non rematou o entroido. E non o digo polo enterro da sardi\u00f1a, sen\u00f3n polo que est\u00e1 a suceder en Ribadeo. Pode que unha boa introducci\u00f3n \u00f3 &#8220;entroido non interruptus&#8221; [&hellip;]<\/p>\n","protected":false},"author":3,"featured_media":0,"comment_status":"open","ping_status":"closed","sticky":false,"template":"","format":"standard","meta":{"activitypub_content_warning":"","activitypub_content_visibility":"","activitypub_max_image_attachments":3,"activitypub_interaction_policy_quote":"anyone","activitypub_status":"federated","footnotes":""},"categories":[1],"tags":[9],"class_list":["post-8493","post","type-post","status-publish","format-standard","hentry","category-sen-categoria","tag-sociedade"],"_links":{"self":[{"href":"https:\/\/blogs.amarinha.gal\/ribadeando\/wp-json\/wp\/v2\/posts\/8493","targetHints":{"allow":["GET"]}}],"collection":[{"href":"https:\/\/blogs.amarinha.gal\/ribadeando\/wp-json\/wp\/v2\/posts"}],"about":[{"href":"https:\/\/blogs.amarinha.gal\/ribadeando\/wp-json\/wp\/v2\/types\/post"}],"author":[{"embeddable":true,"href":"https:\/\/blogs.amarinha.gal\/ribadeando\/wp-json\/wp\/v2\/users\/3"}],"replies":[{"embeddable":true,"href":"https:\/\/blogs.amarinha.gal\/ribadeando\/wp-json\/wp\/v2\/comments?post=8493"}],"version-history":[{"count":0,"href":"https:\/\/blogs.amarinha.gal\/ribadeando\/wp-json\/wp\/v2\/posts\/8493\/revisions"}],"wp:attachment":[{"href":"https:\/\/blogs.amarinha.gal\/ribadeando\/wp-json\/wp\/v2\/media?parent=8493"}],"wp:term":[{"taxonomy":"category","embeddable":true,"href":"https:\/\/blogs.amarinha.gal\/ribadeando\/wp-json\/wp\/v2\/categories?post=8493"},{"taxonomy":"post_tag","embeddable":true,"href":"https:\/\/blogs.amarinha.gal\/ribadeando\/wp-json\/wp\/v2\/tags?post=8493"}],"curies":[{"name":"wp","href":"https:\/\/api.w.org\/{rel}","templated":true}]}}