{"id":8491,"date":"2010-02-21T14:07:00","date_gmt":"2010-02-21T13:07:00","guid":{"rendered":""},"modified":"2024-11-12T15:01:28","modified_gmt":"2024-11-12T14:01:28","slug":"neutralidade-da-rede","status":"publish","type":"post","link":"https:\/\/blogs.amarinha.gal\/ribadeando\/2010\/02\/21\/neutralidade-da-rede\/","title":{"rendered":"A neutralidade da rede"},"content":{"rendered":"<p>Un concepto que me algo preocupado pola s\u00faa supervivencia, e sen o que a rede perder\u00eda grande parte do seu valor, mesmo econ\u00f3mico, e posiblemente toda potencia social. E algo doado de explicar, como ocorre <a href=\"http:\/\/www.adnstream.com\/video\/JaFrWilVir\/Neutralidad-de-la-red\">neste v\u00eddeo<\/a>, recollido dunha entrada en <a href=\"http:\/\/www.microsiervos.com\/archivo\/internet\/neutralidad-de-red-en-un-video.html\">Microsiervos<\/a>.<br \/>\nUnha <a href=\"http:\/\/es.wikipedia.org\/wiki\/Neutralidad_de_red\">ligaz\u00f3n que pode resultar \u00fatil como introducci\u00f3n \u00e1 neutralidade na rede<\/a>.<\/p>\n","protected":false},"excerpt":{"rendered":"<p>Un concepto que me algo preocupado pola s\u00faa supervivencia, e sen o que a rede perder\u00eda grande parte do seu valor, mesmo econ\u00f3mico, e posiblemente toda potencia social. E algo doado de explicar, como ocorre neste v\u00eddeo, recollido dunha entrada en Microsiervos. Unha ligaz\u00f3n que pode resultar \u00fatil como introducci\u00f3n \u00e1 neutralidade na rede.<\/p>\n","protected":false},"author":3,"featured_media":0,"comment_status":"open","ping_status":"closed","sticky":false,"template":"","format":"standard","meta":{"activitypub_content_warning":"","activitypub_content_visibility":"","activitypub_max_image_attachments":3,"activitypub_interaction_policy_quote":"anyone","activitypub_status":"federated","footnotes":""},"categories":[1],"tags":[9,40],"class_list":["post-8491","post","type-post","status-publish","format-standard","hentry","category-sen-categoria","tag-sociedade","tag-tecnoloxia"],"_links":{"self":[{"href":"https:\/\/blogs.amarinha.gal\/ribadeando\/wp-json\/wp\/v2\/posts\/8491","targetHints":{"allow":["GET"]}}],"collection":[{"href":"https:\/\/blogs.amarinha.gal\/ribadeando\/wp-json\/wp\/v2\/posts"}],"about":[{"href":"https:\/\/blogs.amarinha.gal\/ribadeando\/wp-json\/wp\/v2\/types\/post"}],"author":[{"embeddable":true,"href":"https:\/\/blogs.amarinha.gal\/ribadeando\/wp-json\/wp\/v2\/users\/3"}],"replies":[{"embeddable":true,"href":"https:\/\/blogs.amarinha.gal\/ribadeando\/wp-json\/wp\/v2\/comments?post=8491"}],"version-history":[{"count":0,"href":"https:\/\/blogs.amarinha.gal\/ribadeando\/wp-json\/wp\/v2\/posts\/8491\/revisions"}],"wp:attachment":[{"href":"https:\/\/blogs.amarinha.gal\/ribadeando\/wp-json\/wp\/v2\/media?parent=8491"}],"wp:term":[{"taxonomy":"category","embeddable":true,"href":"https:\/\/blogs.amarinha.gal\/ribadeando\/wp-json\/wp\/v2\/categories?post=8491"},{"taxonomy":"post_tag","embeddable":true,"href":"https:\/\/blogs.amarinha.gal\/ribadeando\/wp-json\/wp\/v2\/tags?post=8491"}],"curies":[{"name":"wp","href":"https:\/\/api.w.org\/{rel}","templated":true}]}}