{"id":8477,"date":"2010-03-02T07:42:00","date_gmt":"2010-03-02T06:42:00","guid":{"rendered":""},"modified":"2024-11-12T15:01:02","modified_gmt":"2024-11-12T14:01:02","slug":"rosa-diez","status":"publish","type":"post","link":"https:\/\/blogs.amarinha.gal\/ribadeando\/2010\/03\/02\/rosa-diez\/","title":{"rendered":"Rosa D\u00edez"},"content":{"rendered":"<p>A conta do galeguismo pexorativo de Rosa D\u00edez, estes d\u00edas est\u00e1 a haber aut\u00e9nticas xoias na prensa, \u00f3 estilo da campa\u00f1a de Gadis de &#8216;sexamos galegos&#8217;. O malo \u00e9 iso, que, centr\u00e1ndose nun dito lamentable, en boa parte o que pasa \u00e9 que se fai unha campa\u00f1a para dicir algo como &#8216;eu son (alomenos) tan galego coma ti, dende as mi\u00f1as posici\u00f3ns; mira como o amoso contra esta que nos quere amolar&#8217;.<br \/>\nO primeiro efecto que tivo \u00e9 pol\u00edtico, pois con esta campa\u00f1a, por exemplo, se se pretend\u00eda que houbera unha candidatura de Rosa D\u00edez (l\u00e9ase &#8216;UPyD&#8217;, segundo un chiste que vin na prensa que dic\u00eda algo as\u00ed como que non \u00e9 que Rosa D\u00edez pertenza \u00f3 partido, sen\u00f3n que o partido pertence a Rosa) por exemplo en Ribadeo para as municipais, como se ten comentado algunha vez mesmo na prensa, vai a ter as cousas m\u00e1is dif\u00edciles.<br \/>\nO segundo, centrar algo a discusi\u00f3n de temas dos pol\u00edticos (non de temas pol\u00edticos) acheg\u00e1ndoa a Galicia.<br \/>\nBo, ent\u00f3n, foi bo que a tal Rosa dixera iso? Para ela, non, pero serviu para desfogarse moita xente, e pode que como residuo remate aflorando algo mellor de Galicia. Polo menos, algo m\u00e1is de uni\u00f3n.<br \/>\n&#8230; Como residuo.<\/p>\n","protected":false},"excerpt":{"rendered":"<p>A conta do galeguismo pexorativo de Rosa D\u00edez, estes d\u00edas est\u00e1 a haber aut\u00e9nticas xoias na prensa, \u00f3 estilo da campa\u00f1a de Gadis de &#8216;sexamos galegos&#8217;. O malo \u00e9 iso, que, centr\u00e1ndose nun dito lamentable, en boa parte o que pasa \u00e9 que se fai unha campa\u00f1a para dicir algo como &#8216;eu son (alomenos) tan [&hellip;]<\/p>\n","protected":false},"author":3,"featured_media":0,"comment_status":"open","ping_status":"closed","sticky":false,"template":"","format":"standard","meta":{"activitypub_content_warning":"","activitypub_content_visibility":"","activitypub_max_image_attachments":3,"activitypub_interaction_policy_quote":"anyone","activitypub_status":"federated","footnotes":""},"categories":[1],"tags":[13],"class_list":["post-8477","post","type-post","status-publish","format-standard","hentry","category-sen-categoria","tag-politica"],"_links":{"self":[{"href":"https:\/\/blogs.amarinha.gal\/ribadeando\/wp-json\/wp\/v2\/posts\/8477","targetHints":{"allow":["GET"]}}],"collection":[{"href":"https:\/\/blogs.amarinha.gal\/ribadeando\/wp-json\/wp\/v2\/posts"}],"about":[{"href":"https:\/\/blogs.amarinha.gal\/ribadeando\/wp-json\/wp\/v2\/types\/post"}],"author":[{"embeddable":true,"href":"https:\/\/blogs.amarinha.gal\/ribadeando\/wp-json\/wp\/v2\/users\/3"}],"replies":[{"embeddable":true,"href":"https:\/\/blogs.amarinha.gal\/ribadeando\/wp-json\/wp\/v2\/comments?post=8477"}],"version-history":[{"count":0,"href":"https:\/\/blogs.amarinha.gal\/ribadeando\/wp-json\/wp\/v2\/posts\/8477\/revisions"}],"wp:attachment":[{"href":"https:\/\/blogs.amarinha.gal\/ribadeando\/wp-json\/wp\/v2\/media?parent=8477"}],"wp:term":[{"taxonomy":"category","embeddable":true,"href":"https:\/\/blogs.amarinha.gal\/ribadeando\/wp-json\/wp\/v2\/categories?post=8477"},{"taxonomy":"post_tag","embeddable":true,"href":"https:\/\/blogs.amarinha.gal\/ribadeando\/wp-json\/wp\/v2\/tags?post=8477"}],"curies":[{"name":"wp","href":"https:\/\/api.w.org\/{rel}","templated":true}]}}