{"id":8475,"date":"2010-03-04T07:48:00","date_gmt":"2010-03-04T06:48:00","guid":{"rendered":""},"modified":"2024-11-12T15:01:00","modified_gmt":"2024-11-12T14:01:00","slug":"nin-contigo-nin-contra-ti","status":"publish","type":"post","link":"https:\/\/blogs.amarinha.gal\/ribadeando\/2010\/03\/04\/nin-contigo-nin-contra-ti\/","title":{"rendered":"Nin contigo nin contra ti"},"content":{"rendered":"<p>A conto dalg\u00fans acontecementos en Ribadeo, a nivel pol\u00edtico e veci\u00f1al, recollo a frase a modo de lembranza. Pode tomarse en positivo ou en negativo. En ambos casos implica un xeito de conduta mellorable. Por exemplo, en positivo: non fago cousas contigo, nin contra ti. En negativo: non protesto contigo, nin contra ti.<br \/>\nA que caso asignariamos a conduta dos pol\u00edticos?<br \/>\nEst\u00e1 claro que toda xeralizaci\u00f3n deixa no tinteiro moitas cousas, por iso, nunha entrada curta coma ista, complemento cun <a href=\"http:\/\/blogs.publico.es\/mauroentrialgo\/files\/2010\/02\/808.gif\">sorriso de colof\u00f3n<\/a>.<\/p>\n","protected":false},"excerpt":{"rendered":"<p>A conto dalg\u00fans acontecementos en Ribadeo, a nivel pol\u00edtico e veci\u00f1al, recollo a frase a modo de lembranza. Pode tomarse en positivo ou en negativo. En ambos casos implica un xeito de conduta mellorable. Por exemplo, en positivo: non fago cousas contigo, nin contra ti. En negativo: non protesto contigo, nin contra ti. A que [&hellip;]<\/p>\n","protected":false},"author":3,"featured_media":0,"comment_status":"open","ping_status":"closed","sticky":false,"template":"","format":"standard","meta":{"activitypub_content_warning":"","activitypub_content_visibility":"","activitypub_max_image_attachments":3,"activitypub_interaction_policy_quote":"anyone","activitypub_status":"federated","footnotes":""},"categories":[1],"tags":[13],"class_list":["post-8475","post","type-post","status-publish","format-standard","hentry","category-sen-categoria","tag-politica"],"_links":{"self":[{"href":"https:\/\/blogs.amarinha.gal\/ribadeando\/wp-json\/wp\/v2\/posts\/8475","targetHints":{"allow":["GET"]}}],"collection":[{"href":"https:\/\/blogs.amarinha.gal\/ribadeando\/wp-json\/wp\/v2\/posts"}],"about":[{"href":"https:\/\/blogs.amarinha.gal\/ribadeando\/wp-json\/wp\/v2\/types\/post"}],"author":[{"embeddable":true,"href":"https:\/\/blogs.amarinha.gal\/ribadeando\/wp-json\/wp\/v2\/users\/3"}],"replies":[{"embeddable":true,"href":"https:\/\/blogs.amarinha.gal\/ribadeando\/wp-json\/wp\/v2\/comments?post=8475"}],"version-history":[{"count":0,"href":"https:\/\/blogs.amarinha.gal\/ribadeando\/wp-json\/wp\/v2\/posts\/8475\/revisions"}],"wp:attachment":[{"href":"https:\/\/blogs.amarinha.gal\/ribadeando\/wp-json\/wp\/v2\/media?parent=8475"}],"wp:term":[{"taxonomy":"category","embeddable":true,"href":"https:\/\/blogs.amarinha.gal\/ribadeando\/wp-json\/wp\/v2\/categories?post=8475"},{"taxonomy":"post_tag","embeddable":true,"href":"https:\/\/blogs.amarinha.gal\/ribadeando\/wp-json\/wp\/v2\/tags?post=8475"}],"curies":[{"name":"wp","href":"https:\/\/api.w.org\/{rel}","templated":true}]}}