{"id":8471,"date":"2010-03-06T10:26:00","date_gmt":"2010-03-06T09:26:00","guid":{"rendered":""},"modified":"2024-11-12T15:00:55","modified_gmt":"2024-11-12T14:00:55","slug":"nota-de-prensa-de-o-teson","status":"publish","type":"post","link":"https:\/\/blogs.amarinha.gal\/ribadeando\/2010\/03\/06\/nota-de-prensa-de-o-teson\/","title":{"rendered":"Nota de prensa de O tes\u00f3n"},"content":{"rendered":"<p>AVV O Tes\u00f3n<br \/>\nRibadeo<br \/>\nNota de prensa<\/p>\n<p>Ma\u00f1\u00e1 domingo, 7 de marzo de 2010, no Hotel Voar de Ribadeo, ter\u00e1 lugar unha mesa redonda sobre a Sanidade P\u00fablica na actualidade en Galicia.<br \/>\nDito acto est\u00e1 convocado por diversas entidades, plataformas e sindicatos, entre as que se atopa O Tes\u00f3n como participante na Plataforma en Defensa do Hospital da Costa de Burela.<br \/>\nA entrada \u00e9 libre, podendo participar no debate que al\u00ed se xerar\u00e1, na procura dun maior contraste de ideas sobre o mellor xeito de afrontar o servizo p\u00fablico sanitario, inclu\u00edndo a posibilidade de definici\u00f3n de \u00e1reas de sa\u00fade ou os sistemas de privatizaci\u00f3n sanitaria.<\/p>\n","protected":false},"excerpt":{"rendered":"<p>AVV O Tes\u00f3n Ribadeo Nota de prensa Ma\u00f1\u00e1 domingo, 7 de marzo de 2010, no Hotel Voar de Ribadeo, ter\u00e1 lugar unha mesa redonda sobre a Sanidade P\u00fablica na actualidade en Galicia. Dito acto est\u00e1 convocado por diversas entidades, plataformas e sindicatos, entre as que se atopa O Tes\u00f3n como participante na Plataforma en Defensa [&hellip;]<\/p>\n","protected":false},"author":3,"featured_media":0,"comment_status":"open","ping_status":"closed","sticky":false,"template":"","format":"standard","meta":{"activitypub_content_warning":"","activitypub_content_visibility":"","activitypub_max_image_attachments":3,"activitypub_interaction_policy_quote":"anyone","activitypub_status":"federated","footnotes":""},"categories":[1],"tags":[74],"class_list":["post-8471","post","type-post","status-publish","format-standard","hentry","category-sen-categoria","tag-o-teson"],"_links":{"self":[{"href":"https:\/\/blogs.amarinha.gal\/ribadeando\/wp-json\/wp\/v2\/posts\/8471","targetHints":{"allow":["GET"]}}],"collection":[{"href":"https:\/\/blogs.amarinha.gal\/ribadeando\/wp-json\/wp\/v2\/posts"}],"about":[{"href":"https:\/\/blogs.amarinha.gal\/ribadeando\/wp-json\/wp\/v2\/types\/post"}],"author":[{"embeddable":true,"href":"https:\/\/blogs.amarinha.gal\/ribadeando\/wp-json\/wp\/v2\/users\/3"}],"replies":[{"embeddable":true,"href":"https:\/\/blogs.amarinha.gal\/ribadeando\/wp-json\/wp\/v2\/comments?post=8471"}],"version-history":[{"count":0,"href":"https:\/\/blogs.amarinha.gal\/ribadeando\/wp-json\/wp\/v2\/posts\/8471\/revisions"}],"wp:attachment":[{"href":"https:\/\/blogs.amarinha.gal\/ribadeando\/wp-json\/wp\/v2\/media?parent=8471"}],"wp:term":[{"taxonomy":"category","embeddable":true,"href":"https:\/\/blogs.amarinha.gal\/ribadeando\/wp-json\/wp\/v2\/categories?post=8471"},{"taxonomy":"post_tag","embeddable":true,"href":"https:\/\/blogs.amarinha.gal\/ribadeando\/wp-json\/wp\/v2\/tags?post=8471"}],"curies":[{"name":"wp","href":"https:\/\/api.w.org\/{rel}","templated":true}]}}