{"id":8469,"date":"2010-03-06T21:03:00","date_gmt":"2010-03-06T20:03:00","guid":{"rendered":""},"modified":"2024-11-12T15:00:52","modified_gmt":"2024-11-12T14:00:52","slug":"leido-na-rede","status":"publish","type":"post","link":"https:\/\/blogs.amarinha.gal\/ribadeando\/2010\/03\/06\/leido-na-rede\/","title":{"rendered":"Lido na rede"},"content":{"rendered":"<p><span>&nbsp;&nbsp; &nbsp;<\/span>Corto e pego do blog <a href=\"http:\/\/cargadoiro.blogcindario.com\">VIDA SOCIO-POL\u00cdTICA EN RIBADEO<\/a>:&nbsp;<\/p>\n<p><em>&#8220;No deja de extra\u00f1ar, eso s\u00ed, el hecho de que el ente Portos de Galicia est\u00e9 dispuesto a ofertar a ENCE una importante rebaja de las tasas por la utilizaci\u00f3n de sus instalaciones. La primera lectura que este hecho nos sugiere es que Portos de Galicia se estuvo forrando con las ganancias derivadas del uso del puerto, mientras que el pueblo de Ribadeo, que perdi\u00f3 el uso y disfrute de estos espacios, no percibe beneficio alguno de tales ganancias.&#8221;<br \/>\nDerradeiro par\u00e1grafo dun artigo sobre o tema do futuro do porto.<\/em><\/p>\n","protected":false},"excerpt":{"rendered":"<p>&nbsp;&nbsp; &nbsp;Corto e pego do blog VIDA SOCIO-POL\u00cdTICA EN RIBADEO:&nbsp; &#8220;No deja de extra\u00f1ar, eso s\u00ed, el hecho de que el ente Portos de Galicia est\u00e9 dispuesto a ofertar a ENCE una importante rebaja de las tasas por la utilizaci\u00f3n de sus instalaciones. La primera lectura que este hecho nos sugiere es que Portos de [&hellip;]<\/p>\n","protected":false},"author":3,"featured_media":0,"comment_status":"open","ping_status":"closed","sticky":false,"template":"","format":"standard","meta":{"activitypub_content_warning":"","activitypub_content_visibility":"","activitypub_max_image_attachments":3,"activitypub_interaction_policy_quote":"anyone","activitypub_status":"federated","footnotes":""},"categories":[1],"tags":[21,26,80],"class_list":["post-8469","post","type-post","status-publish","format-standard","hentry","category-sen-categoria","tag-economia","tag-medio","tag-ria_si_nave_non"],"_links":{"self":[{"href":"https:\/\/blogs.amarinha.gal\/ribadeando\/wp-json\/wp\/v2\/posts\/8469","targetHints":{"allow":["GET"]}}],"collection":[{"href":"https:\/\/blogs.amarinha.gal\/ribadeando\/wp-json\/wp\/v2\/posts"}],"about":[{"href":"https:\/\/blogs.amarinha.gal\/ribadeando\/wp-json\/wp\/v2\/types\/post"}],"author":[{"embeddable":true,"href":"https:\/\/blogs.amarinha.gal\/ribadeando\/wp-json\/wp\/v2\/users\/3"}],"replies":[{"embeddable":true,"href":"https:\/\/blogs.amarinha.gal\/ribadeando\/wp-json\/wp\/v2\/comments?post=8469"}],"version-history":[{"count":0,"href":"https:\/\/blogs.amarinha.gal\/ribadeando\/wp-json\/wp\/v2\/posts\/8469\/revisions"}],"wp:attachment":[{"href":"https:\/\/blogs.amarinha.gal\/ribadeando\/wp-json\/wp\/v2\/media?parent=8469"}],"wp:term":[{"taxonomy":"category","embeddable":true,"href":"https:\/\/blogs.amarinha.gal\/ribadeando\/wp-json\/wp\/v2\/categories?post=8469"},{"taxonomy":"post_tag","embeddable":true,"href":"https:\/\/blogs.amarinha.gal\/ribadeando\/wp-json\/wp\/v2\/tags?post=8469"}],"curies":[{"name":"wp","href":"https:\/\/api.w.org\/{rel}","templated":true}]}}