{"id":8467,"date":"2010-03-07T08:58:00","date_gmt":"2010-03-07T07:58:00","guid":{"rendered":""},"modified":"2024-11-12T15:00:50","modified_gmt":"2024-11-12T14:00:50","slug":"liberdade-de-cada-quen","status":"publish","type":"post","link":"https:\/\/blogs.amarinha.gal\/ribadeando\/2010\/03\/07\/liberdade-de-cada-quen\/","title":{"rendered":"A liberdade de cada quen&#8230;"},"content":{"rendered":"<p>A liberdade de cada quen chega ata onde comeza a dos dem\u00e1is. Pero para ser equitativos, as \u00e1reas de cada unha das liberdades deben ser semellantes. En cambio, a \u00e1rea de liberdade de cada un, que medra coa t\u00e9cnica, vese mermada polo poder dos dem\u00e1is (ou acrecentada polo propio). E, se hai \u00e9pocas nas que o medre \u00e9 maior que a merma, na a actualidade parece ser \u00f3 rev\u00e9s.<\/p>\n","protected":false},"excerpt":{"rendered":"<p>A liberdade de cada quen chega ata onde comeza a dos dem\u00e1is. Pero para ser equitativos, as \u00e1reas de cada unha das liberdades deben ser semellantes. En cambio, a \u00e1rea de liberdade de cada un, que medra coa t\u00e9cnica, vese mermada polo poder dos dem\u00e1is (ou acrecentada polo propio). E, se hai \u00e9pocas nas que [&hellip;]<\/p>\n","protected":false},"author":3,"featured_media":0,"comment_status":"open","ping_status":"closed","sticky":false,"template":"","format":"standard","meta":{"activitypub_content_warning":"","activitypub_content_visibility":"","activitypub_max_image_attachments":3,"activitypub_interaction_policy_quote":"anyone","activitypub_status":"federated","footnotes":""},"categories":[1],"tags":[32],"class_list":["post-8467","post","type-post","status-publish","format-standard","hentry","category-sen-categoria","tag-filosofia"],"_links":{"self":[{"href":"https:\/\/blogs.amarinha.gal\/ribadeando\/wp-json\/wp\/v2\/posts\/8467","targetHints":{"allow":["GET"]}}],"collection":[{"href":"https:\/\/blogs.amarinha.gal\/ribadeando\/wp-json\/wp\/v2\/posts"}],"about":[{"href":"https:\/\/blogs.amarinha.gal\/ribadeando\/wp-json\/wp\/v2\/types\/post"}],"author":[{"embeddable":true,"href":"https:\/\/blogs.amarinha.gal\/ribadeando\/wp-json\/wp\/v2\/users\/3"}],"replies":[{"embeddable":true,"href":"https:\/\/blogs.amarinha.gal\/ribadeando\/wp-json\/wp\/v2\/comments?post=8467"}],"version-history":[{"count":0,"href":"https:\/\/blogs.amarinha.gal\/ribadeando\/wp-json\/wp\/v2\/posts\/8467\/revisions"}],"wp:attachment":[{"href":"https:\/\/blogs.amarinha.gal\/ribadeando\/wp-json\/wp\/v2\/media?parent=8467"}],"wp:term":[{"taxonomy":"category","embeddable":true,"href":"https:\/\/blogs.amarinha.gal\/ribadeando\/wp-json\/wp\/v2\/categories?post=8467"},{"taxonomy":"post_tag","embeddable":true,"href":"https:\/\/blogs.amarinha.gal\/ribadeando\/wp-json\/wp\/v2\/tags?post=8467"}],"curies":[{"name":"wp","href":"https:\/\/api.w.org\/{rel}","templated":true}]}}