{"id":8464,"date":"2010-03-08T07:52:00","date_gmt":"2010-03-08T06:52:00","guid":{"rendered":""},"modified":"2024-11-12T15:00:45","modified_gmt":"2024-11-12T14:00:45","slug":"sobor-da-sanidade-publica","status":"publish","type":"post","link":"https:\/\/blogs.amarinha.gal\/ribadeando\/2010\/03\/08\/sobor-da-sanidade-publica\/","title":{"rendered":"Sobor da sanidade p\u00fablica"},"content":{"rendered":"<p><a onblur=\"try {parent.deselectBloggerImageGracefully();} catch(e) {}\" href=\"https:\/\/blogger.googleusercontent.com\/img\/b\/R29vZ2xl\/AVvXsEip6MhxZgF9ljHTNgdTVGlo6BSDQsqn8s_DwOJHiUQjMSZWgC8yv-lT2wn2Mv_NSswzQ2OEXAmu0esoifgUDoGyJZ58-4sJGrtVuDYSkJJYf5fYpbHrtWDG-aDQBEznqDxefBUukA\/s2048\/en+defensa+da+sanidade+publica.jpg\"><img decoding=\"async\" src=\"https:\/\/blogger.googleusercontent.com\/img\/b\/R29vZ2xl\/AVvXsEip6MhxZgF9ljHTNgdTVGlo6BSDQsqn8s_DwOJHiUQjMSZWgC8yv-lT2wn2Mv_NSswzQ2OEXAmu0esoifgUDoGyJZ58-4sJGrtVuDYSkJJYf5fYpbHrtWDG-aDQBEznqDxefBUukA\/s2048\/en+defensa+da+sanidade+publica.jpg\" alt=\"\" \/><\/a><br \/>\nAparece hoxe a nova de que a plataforma pola sanidade p\u00fablica logrou un pleno de asistencia nun acto convocado en Ribados do Sil, \u00f3 sur da provincia. Mentras, <a href=\"http:\/\/ribadeando.blogspot.com\/2010\/03\/nota-de-prensa-de-o-teson.html\">en Ribadeo, tam\u00e9n houbo cheo<\/a>, pero non por xente do concello, sen\u00f3n por afiliadas \u00f3 Sindicato Labrego Galego, que celebraba este fin de semana no Voar unha concentraci\u00f3n que inclu\u00eda a presentaci\u00f3n do tema da actualidade da sanidade p\u00fablica por parte de xente da Plataforma de defensa da \u00e1rea de Burela.<br \/>\nAs\u00ed est\u00e1 a cousa.<\/p>\n","protected":false},"excerpt":{"rendered":"<p>Aparece hoxe a nova de que a plataforma pola sanidade p\u00fablica logrou un pleno de asistencia nun acto convocado en Ribados do Sil, \u00f3 sur da provincia. Mentras, en Ribadeo, tam\u00e9n houbo cheo, pero non por xente do concello, sen\u00f3n por afiliadas \u00f3 Sindicato Labrego Galego, que celebraba este fin de semana no Voar unha [&hellip;]<\/p>\n","protected":false},"author":3,"featured_media":0,"comment_status":"open","ping_status":"closed","sticky":false,"template":"","format":"standard","meta":{"activitypub_content_warning":"","activitypub_content_visibility":"","activitypub_max_image_attachments":3,"activitypub_interaction_policy_quote":"anyone","activitypub_status":"federated","footnotes":""},"categories":[1],"tags":[9],"class_list":["post-8464","post","type-post","status-publish","format-standard","hentry","category-sen-categoria","tag-sociedade"],"_links":{"self":[{"href":"https:\/\/blogs.amarinha.gal\/ribadeando\/wp-json\/wp\/v2\/posts\/8464","targetHints":{"allow":["GET"]}}],"collection":[{"href":"https:\/\/blogs.amarinha.gal\/ribadeando\/wp-json\/wp\/v2\/posts"}],"about":[{"href":"https:\/\/blogs.amarinha.gal\/ribadeando\/wp-json\/wp\/v2\/types\/post"}],"author":[{"embeddable":true,"href":"https:\/\/blogs.amarinha.gal\/ribadeando\/wp-json\/wp\/v2\/users\/3"}],"replies":[{"embeddable":true,"href":"https:\/\/blogs.amarinha.gal\/ribadeando\/wp-json\/wp\/v2\/comments?post=8464"}],"version-history":[{"count":0,"href":"https:\/\/blogs.amarinha.gal\/ribadeando\/wp-json\/wp\/v2\/posts\/8464\/revisions"}],"wp:attachment":[{"href":"https:\/\/blogs.amarinha.gal\/ribadeando\/wp-json\/wp\/v2\/media?parent=8464"}],"wp:term":[{"taxonomy":"category","embeddable":true,"href":"https:\/\/blogs.amarinha.gal\/ribadeando\/wp-json\/wp\/v2\/categories?post=8464"},{"taxonomy":"post_tag","embeddable":true,"href":"https:\/\/blogs.amarinha.gal\/ribadeando\/wp-json\/wp\/v2\/tags?post=8464"}],"curies":[{"name":"wp","href":"https:\/\/api.w.org\/{rel}","templated":true}]}}