{"id":8463,"date":"2010-03-08T14:15:00","date_gmt":"2010-03-08T13:15:00","guid":{"rendered":""},"modified":"2024-11-12T15:00:43","modified_gmt":"2024-11-12T14:00:43","slug":"unha-sociedade-definese-non-so-polo-que","status":"publish","type":"post","link":"https:\/\/blogs.amarinha.gal\/ribadeando\/2010\/03\/08\/unha-sociedade-definese-non-so-polo-que\/","title":{"rendered":"Unha sociedade def\u00ednese non s\u00f3 polo que crea sen\u00f3n tam\u00e9n polo que decide non destru\u00edr"},"content":{"rendered":"<p>Hai xa m\u00e1is dun mes que sucedeu; procurei deixar un tempo para velo en perspectiva, pero coido que sigo a opinar o mesmo:<br \/>\n<a href=\"http:\/\/www.elpais.com\/articulo\/Galicia\/desmilagre\/Adolfo\/Dominguez\/elpepuespgal\/20100205elpgal_24\/Tes\">http:\/\/www.elpais.com\/articulo\/Galicia\/desmilagre\/Adolfo\/Dominguez\/elpepuespgal\/20100205elpgal_24\/Tes<\/a><br \/>\nA ter en conta que Adolfo Dominguez ten recibido axudas p\u00fablicas por abondos m\u00e1is cartos que levo de salario na mi\u00f1a vida (s\u00f3 no para anterior par de anos, a bote pronto, m\u00e1is de 10 vidas me far\u00edan falta&#8230;)<\/p>\n","protected":false},"excerpt":{"rendered":"<p>Hai xa m\u00e1is dun mes que sucedeu; procurei deixar un tempo para velo en perspectiva, pero coido que sigo a opinar o mesmo: http:\/\/www.elpais.com\/articulo\/Galicia\/desmilagre\/Adolfo\/Dominguez\/elpepuespgal\/20100205elpgal_24\/Tes A ter en conta que Adolfo Dominguez ten recibido axudas p\u00fablicas por abondos m\u00e1is cartos que levo de salario na mi\u00f1a vida (s\u00f3 no para anterior par de anos, a bote [&hellip;]<\/p>\n","protected":false},"author":3,"featured_media":0,"comment_status":"open","ping_status":"closed","sticky":false,"template":"","format":"standard","meta":{"activitypub_content_warning":"","activitypub_content_visibility":"","activitypub_max_image_attachments":3,"activitypub_interaction_policy_quote":"anyone","activitypub_status":"federated","footnotes":""},"categories":[1],"tags":[21,9],"class_list":["post-8463","post","type-post","status-publish","format-standard","hentry","category-sen-categoria","tag-economia","tag-sociedade"],"_links":{"self":[{"href":"https:\/\/blogs.amarinha.gal\/ribadeando\/wp-json\/wp\/v2\/posts\/8463","targetHints":{"allow":["GET"]}}],"collection":[{"href":"https:\/\/blogs.amarinha.gal\/ribadeando\/wp-json\/wp\/v2\/posts"}],"about":[{"href":"https:\/\/blogs.amarinha.gal\/ribadeando\/wp-json\/wp\/v2\/types\/post"}],"author":[{"embeddable":true,"href":"https:\/\/blogs.amarinha.gal\/ribadeando\/wp-json\/wp\/v2\/users\/3"}],"replies":[{"embeddable":true,"href":"https:\/\/blogs.amarinha.gal\/ribadeando\/wp-json\/wp\/v2\/comments?post=8463"}],"version-history":[{"count":0,"href":"https:\/\/blogs.amarinha.gal\/ribadeando\/wp-json\/wp\/v2\/posts\/8463\/revisions"}],"wp:attachment":[{"href":"https:\/\/blogs.amarinha.gal\/ribadeando\/wp-json\/wp\/v2\/media?parent=8463"}],"wp:term":[{"taxonomy":"category","embeddable":true,"href":"https:\/\/blogs.amarinha.gal\/ribadeando\/wp-json\/wp\/v2\/categories?post=8463"},{"taxonomy":"post_tag","embeddable":true,"href":"https:\/\/blogs.amarinha.gal\/ribadeando\/wp-json\/wp\/v2\/tags?post=8463"}],"curies":[{"name":"wp","href":"https:\/\/api.w.org\/{rel}","templated":true}]}}