{"id":8461,"date":"2010-03-09T21:41:00","date_gmt":"2010-03-09T20:41:00","guid":{"rendered":""},"modified":"2024-11-12T15:00:34","modified_gmt":"2024-11-12T14:00:34","slug":"toro-fallecido","status":"publish","type":"post","link":"https:\/\/blogs.amarinha.gal\/ribadeando\/2010\/03\/09\/toro-fallecido\/","title":{"rendered":"Toro fallecido"},"content":{"rendered":"<p>Boimorto&#8230; para os galegos.<br \/>\nUn pouco por vergo\u00f1a allea, outro pouco por consideralo un episodio para esquecer, non me parara no blog a adicarlle un espazo a &#8216;<a href=\"http:\/\/www.xornal.com\/artigo\/2010\/03\/07\/cultura\/roberto-varela-chamoulle-desvan-monjes-sobrado-monxes\/2010030722363300336.html\">Desv\u00e1n de los Monjes<\/a>&#8216;, que o de <a href=\"http:\/\/gl.wikipedia.org\/wiki\/Sobrado_dos_Monxes\">Sobrado<\/a> debe soar mal. Despois de recibir o tema por varios correos diferentes, var\u00edo de opini\u00f3n.<br \/>\nVaia cachondeo que se traen polo estado adiante co dito do sr. Roberto Varela, Conselleiro de Cultura, sobre os nomes galegos, perd\u00f3n, &#8216;gallegos&#8217;, como se pode ver en moitos sitios, dende o <a href=\"http:\/\/www.publico.es\/300530\">P\u00fablico<\/a> (ou <a href=\"http:\/\/www.publico.es\/espana\/300530\/feijoo\/roberto\/varela\/conselleiro\/cultura\/xunta\/desvan\/monjes\/sobrado\/monxes\/gallego\/toponimia\">aqu\u00ed<\/a>)\u00f3 Pa\u00eds (m\u00e1is que en medios galegos de ampla difusi\u00f3n), inclu\u00edndo v\u00eddeo de demostraci\u00f3n&#8230;<br \/>\nDin que aquelo de im-presionante dun torero non foi para tanto, que foi intencionado. De calquera xeito, un torero non \u00e9 o conselleiro de Cultura de Galicia. E pensar que no seu momento saiu na prensa como unha mofa de primeira orde cando a unha ministra se lle ocorreu declarar que non co\u00f1ec\u00eda a ningunha &#8216;Sara Mago&#8217;, con motivo da posible concesi\u00f3n no Nobel a <a href=\"http:\/\/gl.wikipedia.org\/wiki\/Jos%C3%A9_Saramago\">Jos\u00e9 Saramago<\/a>, residente en Espa\u00f1a dende uns cantos anos antes&#8230;<\/p>\n","protected":false},"excerpt":{"rendered":"<p>Boimorto&#8230; para os galegos. Un pouco por vergo\u00f1a allea, outro pouco por consideralo un episodio para esquecer, non me parara no blog a adicarlle un espazo a &#8216;Desv\u00e1n de los Monjes&#8216;, que o de Sobrado debe soar mal. Despois de recibir o tema por varios correos diferentes, var\u00edo de opini\u00f3n. Vaia cachondeo que se traen [&hellip;]<\/p>\n","protected":false},"author":3,"featured_media":0,"comment_status":"open","ping_status":"closed","sticky":false,"template":"","format":"standard","meta":{"activitypub_content_warning":"","activitypub_content_visibility":"","activitypub_max_image_attachments":3,"activitypub_interaction_policy_quote":"anyone","activitypub_status":"federate","footnotes":""},"categories":[1],"tags":[10,9],"class_list":["post-8461","post","type-post","status-publish","format-standard","hentry","category-sen-categoria","tag-cultura","tag-sociedade"],"_links":{"self":[{"href":"https:\/\/blogs.amarinha.gal\/ribadeando\/wp-json\/wp\/v2\/posts\/8461","targetHints":{"allow":["GET"]}}],"collection":[{"href":"https:\/\/blogs.amarinha.gal\/ribadeando\/wp-json\/wp\/v2\/posts"}],"about":[{"href":"https:\/\/blogs.amarinha.gal\/ribadeando\/wp-json\/wp\/v2\/types\/post"}],"author":[{"embeddable":true,"href":"https:\/\/blogs.amarinha.gal\/ribadeando\/wp-json\/wp\/v2\/users\/3"}],"replies":[{"embeddable":true,"href":"https:\/\/blogs.amarinha.gal\/ribadeando\/wp-json\/wp\/v2\/comments?post=8461"}],"version-history":[{"count":0,"href":"https:\/\/blogs.amarinha.gal\/ribadeando\/wp-json\/wp\/v2\/posts\/8461\/revisions"}],"wp:attachment":[{"href":"https:\/\/blogs.amarinha.gal\/ribadeando\/wp-json\/wp\/v2\/media?parent=8461"}],"wp:term":[{"taxonomy":"category","embeddable":true,"href":"https:\/\/blogs.amarinha.gal\/ribadeando\/wp-json\/wp\/v2\/categories?post=8461"},{"taxonomy":"post_tag","embeddable":true,"href":"https:\/\/blogs.amarinha.gal\/ribadeando\/wp-json\/wp\/v2\/tags?post=8461"}],"curies":[{"name":"wp","href":"https:\/\/api.w.org\/{rel}","templated":true}]}}