{"id":8459,"date":"2010-03-11T07:45:00","date_gmt":"2010-03-11T06:45:00","guid":{"rendered":""},"modified":"2024-11-12T15:00:31","modified_gmt":"2024-11-12T14:00:31","slug":"actualidade","status":"publish","type":"post","link":"https:\/\/blogs.amarinha.gal\/ribadeando\/2010\/03\/11\/actualidade\/","title":{"rendered":"Actualidade"},"content":{"rendered":"<p>A <a href=\"http:\/\/o-teson.blogspot.com\/2010\/03\/asociacion-de-vecinos-o-teson.html\">xuntanza relacionada coa Sanidade P\u00fablica mantida antonte en Lugo<\/a> xa parece arrumbada a d\u00eda de hoxe en Ribadeo. Non porque pasaran os temas e xa parezan sen importancia, nin moito menos, sen\u00f3n porque onte m\u00e9rcores parece que estouparon un par de cuesti\u00f3ns no noso pobo. A\u00ed van, a\u00ednda que soio sexa a modo de enumeraci\u00f3n:<br \/>\nUn novo clube en Ribadeo, escisi\u00f3n do N\u00e1utico, en particular, da s\u00faa secci\u00f3n de pesca. A\u00ednda que na realidade, non \u00e9 unha escisi\u00f3n, sen\u00f3n unha nova creaci\u00f3n que se leva por diante boa parte dos membros da secci\u00f3n, pero non o patrimonio, que segue no club como mandan os estatutos.<br \/>\nNovo conflito no mercado, a conta do pasado. Parece que os cobros seguen sen axustarse \u00f3s metros que agora ocupan os mercaderes, e que s\u00f3 \u00e9 un problema administrativo, pero despois de ver o encadeamento de situaci\u00f3ns cr\u00edticas dende hai ano e medio, queda por ver se a soluci\u00f3n \u00e9 r\u00e1pida e indolora ou non. O se aumenta o mercado de Castropol.<br \/>\nPor outra parte, a suspensi\u00f3n de ensaios da banda de m\u00fasica, que esta semana far\u00e1 o cuarto, fai que Amadores da M\u00fasica convoque unha xuntanza de socios e m\u00fasicos para tratar o tema, ante o alongamento do mesmo. A lembrar que se dixera antes do antroido que a comezos de marzo xa estar\u00eda o expediente resolto, e a d\u00eda de hoxe, 11 de marzo, non o est\u00e1, t\u00e9ndose cumprido xa tempo dende o retorno do director \u00f3 seu posto, despois da suspensi\u00f3n de seis meses mantida.<\/p>\n","protected":false},"excerpt":{"rendered":"<p>A xuntanza relacionada coa Sanidade P\u00fablica mantida antonte en Lugo xa parece arrumbada a d\u00eda de hoxe en Ribadeo. Non porque pasaran os temas e xa parezan sen importancia, nin moito menos, sen\u00f3n porque onte m\u00e9rcores parece que estouparon un par de cuesti\u00f3ns no noso pobo. A\u00ed van, a\u00ednda que soio sexa a modo de [&hellip;]<\/p>\n","protected":false},"author":3,"featured_media":0,"comment_status":"open","ping_status":"closed","sticky":false,"template":"","format":"standard","meta":{"activitypub_content_warning":"","activitypub_content_visibility":"","activitypub_max_image_attachments":3,"activitypub_interaction_policy_quote":"anyone","activitypub_status":"federate","footnotes":""},"categories":[1],"tags":[9],"class_list":["post-8459","post","type-post","status-publish","format-standard","hentry","category-sen-categoria","tag-sociedade"],"_links":{"self":[{"href":"https:\/\/blogs.amarinha.gal\/ribadeando\/wp-json\/wp\/v2\/posts\/8459","targetHints":{"allow":["GET"]}}],"collection":[{"href":"https:\/\/blogs.amarinha.gal\/ribadeando\/wp-json\/wp\/v2\/posts"}],"about":[{"href":"https:\/\/blogs.amarinha.gal\/ribadeando\/wp-json\/wp\/v2\/types\/post"}],"author":[{"embeddable":true,"href":"https:\/\/blogs.amarinha.gal\/ribadeando\/wp-json\/wp\/v2\/users\/3"}],"replies":[{"embeddable":true,"href":"https:\/\/blogs.amarinha.gal\/ribadeando\/wp-json\/wp\/v2\/comments?post=8459"}],"version-history":[{"count":0,"href":"https:\/\/blogs.amarinha.gal\/ribadeando\/wp-json\/wp\/v2\/posts\/8459\/revisions"}],"wp:attachment":[{"href":"https:\/\/blogs.amarinha.gal\/ribadeando\/wp-json\/wp\/v2\/media?parent=8459"}],"wp:term":[{"taxonomy":"category","embeddable":true,"href":"https:\/\/blogs.amarinha.gal\/ribadeando\/wp-json\/wp\/v2\/categories?post=8459"},{"taxonomy":"post_tag","embeddable":true,"href":"https:\/\/blogs.amarinha.gal\/ribadeando\/wp-json\/wp\/v2\/tags?post=8459"}],"curies":[{"name":"wp","href":"https:\/\/api.w.org\/{rel}","templated":true}]}}