{"id":8446,"date":"2010-03-22T07:29:00","date_gmt":"2010-03-22T06:29:00","guid":{"rendered":""},"modified":"2024-11-12T15:00:14","modified_gmt":"2024-11-12T14:00:14","slug":"chegou-primavera-vistas-cara-beira-da","status":"publish","type":"post","link":"https:\/\/blogs.amarinha.gal\/ribadeando\/2010\/03\/22\/chegou-primavera-vistas-cara-beira-da\/","title":{"rendered":"Chegou a primavera. Vistas cara \u00e1 beira da r\u00eda de Ribadeo."},"content":{"rendered":"<p><a onblur=\"try {parent.deselectBloggerImageGracefully();} catch(e) {}\" href=\"https:\/\/blogger.googleusercontent.com\/img\/b\/R29vZ2xl\/AVvXsEglpAgcz6rCU0zmPy9KhjJnwVAztVZ5sIvt5sDSyEwULO6yDrLRfoWxInUDB-xZTO8QWXuBcT5yG8rkVOioW3Y8QLGZPvot2Im3ZmOMDmw39uIDpOi_HuFXI84rYIpNZXS0ChaIAQ\/s2048\/bloques+20100321.jpg\"><img decoding=\"async\" src=\"https:\/\/blogger.googleusercontent.com\/img\/b\/R29vZ2xl\/AVvXsEglpAgcz6rCU0zmPy9KhjJnwVAztVZ5sIvt5sDSyEwULO6yDrLRfoWxInUDB-xZTO8QWXuBcT5yG8rkVOioW3Y8QLGZPvot2Im3ZmOMDmw39uIDpOi_HuFXI84rYIpNZXS0ChaIAQ\/s2048\/bloques+20100321.jpg\" alt=\"\" \/><\/a><br \/>\n<a onblur=\"try {parent.deselectBloggerImageGracefully();} catch(e) {}\" href=\"https:\/\/blogger.googleusercontent.com\/img\/b\/R29vZ2xl\/AVvXsEgGzixpWpxbLbUqtp1hg4Tq8foH9ShA5r1sUqADzEVGev3mY87OYH9DoWnnPpiisTYUt9vJ5MDjDznT2vVUA-9BpCo4fMJhmfcb8ayloLzWzi7ytKnR4a5YUO4kD31f9VTbaMDkSQ\/s2048\/Castropol.jpg\"><img decoding=\"async\" src=\"https:\/\/blogger.googleusercontent.com\/img\/b\/R29vZ2xl\/AVvXsEgGzixpWpxbLbUqtp1hg4Tq8foH9ShA5r1sUqADzEVGev3mY87OYH9DoWnnPpiisTYUt9vJ5MDjDznT2vVUA-9BpCo4fMJhmfcb8ayloLzWzi7ytKnR4a5YUO4kD31f9VTbaMDkSQ\/s2048\/Castropol.jpg\" alt=\"\" \/><\/a><br \/>\nDende onte estamos oficialmente na primavera. E onte, a praia dos bloques ofrec\u00eda o aspecto da foto. Acompa\u00f1ada da imaxe dun Castropol que est\u00e1 a cambiar a s\u00faa fisiognom\u00eda coa construcci\u00f3n dun edificio que lle come os p\u00e9s \u00f3 edificio da sociedade que est\u00e1 no parque.<br \/>\nMentras, no noso porto, a vista tam\u00e9n est\u00e1 a cambiar: unha nave cuberta polo lateral e o avance das obras de igualaci\u00f3n do chan, en Mirasol, e no porto norte, no tramo Figueir\u00faa-Porcill\u00e1n, as obras avanzan e un tramo est\u00e1 como se pode ver na foto.<br \/>\n<a onblur=\"try {parent.deselectBloggerImageGracefully();} catch(e) {}\" href=\"https:\/\/blogger.googleusercontent.com\/img\/b\/R29vZ2xl\/AVvXsEiqvN8ZWUoZDxy1Yn5CdMqBqIcNfTFKWLmfOLH9MLdSU6DuVbUaJy_SgBMunJDSEl-OYX12Bcq6a1s-hnmLDFSM6DqkPAYP7mjIrlac_su8RjUkqLGL5AEsfQcM-ZijQhBx49mB7A\/s2048\/Nave+lateralizada.jpg\"><img decoding=\"async\" src=\"https:\/\/blogger.googleusercontent.com\/img\/b\/R29vZ2xl\/AVvXsEiqvN8ZWUoZDxy1Yn5CdMqBqIcNfTFKWLmfOLH9MLdSU6DuVbUaJy_SgBMunJDSEl-OYX12Bcq6a1s-hnmLDFSM6DqkPAYP7mjIrlac_su8RjUkqLGL5AEsfQcM-ZijQhBx49mB7A\/s2048\/Nave+lateralizada.jpg\" alt=\"\" \/><\/a><br \/>\n<a onblur=\"try {parent.deselectBloggerImageGracefully();} catch(e) {}\" href=\"https:\/\/blogger.googleusercontent.com\/img\/b\/R29vZ2xl\/AVvXsEgMt3PNYxbp7_20qxtcEyQTrMKpZGGDPkPTLgfp84mR01fUFacaE64l12Bq6y6gt3l0f7d3ACBuxGYsUnuRjTwc4wPdDGFZuKFFtDB-9veF7g8iCd9NxyLKQZ3RpQEBr0BCVz_9jg\/s2048\/horizontalidade+Mirasol+2.jpg\"><img decoding=\"async\" src=\"https:\/\/blogger.googleusercontent.com\/img\/b\/R29vZ2xl\/AVvXsEgMt3PNYxbp7_20qxtcEyQTrMKpZGGDPkPTLgfp84mR01fUFacaE64l12Bq6y6gt3l0f7d3ACBuxGYsUnuRjTwc4wPdDGFZuKFFtDB-9veF7g8iCd9NxyLKQZ3RpQEBr0BCVz_9jg\/s2048\/horizontalidade+Mirasol+2.jpg\" alt=\"\" \/><\/a><br \/>\n<a onblur=\"try {parent.deselectBloggerImageGracefully();} catch(e) {}\" href=\"https:\/\/blogger.googleusercontent.com\/img\/b\/R29vZ2xl\/AVvXsEiV4Q_COyvwPKPRSONTf7u8EKUK1HZF4Y2wV_dND4qatsO8A7Ry-dyTYYdTlC856s4PZA-PSCHAvgPh2cwxwkIg3bgT1TVwlIFSh_4SrX7SPJq1iQxjoSzv9unURj-K3d_VogLOoQ\/s2048\/horizontalidade+Mirasol.jpg\"><img decoding=\"async\" src=\"https:\/\/blogger.googleusercontent.com\/img\/b\/R29vZ2xl\/AVvXsEiV4Q_COyvwPKPRSONTf7u8EKUK1HZF4Y2wV_dND4qatsO8A7Ry-dyTYYdTlC856s4PZA-PSCHAvgPh2cwxwkIg3bgT1TVwlIFSh_4SrX7SPJq1iQxjoSzv9unURj-K3d_VogLOoQ\/s2048\/horizontalidade+Mirasol.jpg\" alt=\"\" \/><\/a><br \/>\n<a onblur=\"try {parent.deselectBloggerImageGracefully();} catch(e) {}\" href=\"https:\/\/blogger.googleusercontent.com\/img\/b\/R29vZ2xl\/AVvXsEjTT8HicC3GjuVIxIzjmBY6OEO9dGrccccMzXT9GtmbhBHP-tv8Oakj58qRSNfYJeGX-nx4YqOf7vJaGw5DmpIl_PsYPtebhvq4-OMSMDROt9b0C0FFKj0OGDByhst0wM5tPtLfnw\/s2048\/obras+Figueirua.jpg\"><img decoding=\"async\" src=\"https:\/\/blogger.googleusercontent.com\/img\/b\/R29vZ2xl\/AVvXsEjTT8HicC3GjuVIxIzjmBY6OEO9dGrccccMzXT9GtmbhBHP-tv8Oakj58qRSNfYJeGX-nx4YqOf7vJaGw5DmpIl_PsYPtebhvq4-OMSMDROt9b0C0FFKj0OGDByhst0wM5tPtLfnw\/s2048\/obras+Figueirua.jpg\" alt=\"\" \/><\/a><\/p>\n","protected":false},"excerpt":{"rendered":"<p>Dende onte estamos oficialmente na primavera. E onte, a praia dos bloques ofrec\u00eda o aspecto da foto. Acompa\u00f1ada da imaxe dun Castropol que est\u00e1 a cambiar a s\u00faa fisiognom\u00eda coa construcci\u00f3n dun edificio que lle come os p\u00e9s \u00f3 edificio da sociedade que est\u00e1 no parque. Mentras, no noso porto, a vista tam\u00e9n est\u00e1 a [&hellip;]<\/p>\n","protected":false},"author":3,"featured_media":0,"comment_status":"open","ping_status":"closed","sticky":false,"template":"","format":"standard","meta":{"activitypub_content_warning":"","activitypub_content_visibility":"","activitypub_max_image_attachments":3,"activitypub_interaction_policy_quote":"anyone","activitypub_status":"federate","footnotes":""},"categories":[1],"tags":[57],"class_list":["post-8446","post","type-post","status-publish","format-standard","hentry","category-sen-categoria","tag-fotos-ria-de-ribadeo"],"_links":{"self":[{"href":"https:\/\/blogs.amarinha.gal\/ribadeando\/wp-json\/wp\/v2\/posts\/8446","targetHints":{"allow":["GET"]}}],"collection":[{"href":"https:\/\/blogs.amarinha.gal\/ribadeando\/wp-json\/wp\/v2\/posts"}],"about":[{"href":"https:\/\/blogs.amarinha.gal\/ribadeando\/wp-json\/wp\/v2\/types\/post"}],"author":[{"embeddable":true,"href":"https:\/\/blogs.amarinha.gal\/ribadeando\/wp-json\/wp\/v2\/users\/3"}],"replies":[{"embeddable":true,"href":"https:\/\/blogs.amarinha.gal\/ribadeando\/wp-json\/wp\/v2\/comments?post=8446"}],"version-history":[{"count":0,"href":"https:\/\/blogs.amarinha.gal\/ribadeando\/wp-json\/wp\/v2\/posts\/8446\/revisions"}],"wp:attachment":[{"href":"https:\/\/blogs.amarinha.gal\/ribadeando\/wp-json\/wp\/v2\/media?parent=8446"}],"wp:term":[{"taxonomy":"category","embeddable":true,"href":"https:\/\/blogs.amarinha.gal\/ribadeando\/wp-json\/wp\/v2\/categories?post=8446"},{"taxonomy":"post_tag","embeddable":true,"href":"https:\/\/blogs.amarinha.gal\/ribadeando\/wp-json\/wp\/v2\/tags?post=8446"}],"curies":[{"name":"wp","href":"https:\/\/api.w.org\/{rel}","templated":true}]}}