{"id":8442,"date":"2010-03-24T07:45:00","date_gmt":"2010-03-24T06:45:00","guid":{"rendered":""},"modified":"2024-11-12T15:00:06","modified_gmt":"2024-11-12T14:00:06","slug":"o-ascensor-da-atalaia-primeiro","status":"publish","type":"post","link":"https:\/\/blogs.amarinha.gal\/ribadeando\/2010\/03\/24\/o-ascensor-da-atalaia-primeiro\/","title":{"rendered":"O ascensor da Atalaia, primeiro retrasado, logo tiroteado"},"content":{"rendered":"<p>Quiz\u00e1is me saiu un t\u00edtulo un pouco alarmista, pero \u00e9 a realidade: a s\u00faa posta en funcionamiento est\u00e1 sendo retrasada, e agora ven o tema do disparo (1 s\u00f3).<br \/>\nA estrutura do edificio non leva vidro, o vidro (de seguridade) \u00e9 o do propio recept\u00e1culo do ascensor, e polo menos coa mi\u00f1a vista \u00e9 necesario fixarse para ver o astelado do vidro de seguridade, e levar uns prism\u00e1ticos para ver o impacto. Di o vici\u00f1o que deu a nova \u00f3 encargado de obra que debeu ser o domingo, pero que non se enterou, e que di a Guardia Civil que o impacto \u00e9 de bala por arma curta. Despois dun rato falando con el sobre o ascensor, os botell\u00f3ns que se organizan na atalaia, a rotura de luces al\u00ed, etc, apunto eu se dir\u00e1n que a arma usada \u00e9 de can\u00f3n curto porque con arma de can\u00f3n longo o impacto ser\u00eda m\u00e1is forte, e que o disparo debeu de ser feito dende unha zona m\u00e1is ch\u00e1 da nova baixada entre Atalaia e Cabanela, precisamente da que me estaba sinalando o impacto, por ser dende onde o vidro ofrece unha maior perpendicularidade \u00e1 visi\u00f3n.<br \/>\nO comentario do concello, <a href=\"http:\/\/www.ribadeo.org\/actualidade\/nova.php?id=438&amp;lg=gal\">aqu\u00ed<\/a>.<\/p>\n","protected":false},"excerpt":{"rendered":"<p>Quiz\u00e1is me saiu un t\u00edtulo un pouco alarmista, pero \u00e9 a realidade: a s\u00faa posta en funcionamiento est\u00e1 sendo retrasada, e agora ven o tema do disparo (1 s\u00f3). A estrutura do edificio non leva vidro, o vidro (de seguridade) \u00e9 o do propio recept\u00e1culo do ascensor, e polo menos coa mi\u00f1a vista \u00e9 necesario [&hellip;]<\/p>\n","protected":false},"author":3,"featured_media":0,"comment_status":"open","ping_status":"closed","sticky":false,"template":"","format":"standard","meta":{"activitypub_content_warning":"","activitypub_content_visibility":"","activitypub_max_image_attachments":3,"activitypub_interaction_policy_quote":"anyone","activitypub_status":"federate","footnotes":""},"categories":[1],"tags":[9],"class_list":["post-8442","post","type-post","status-publish","format-standard","hentry","category-sen-categoria","tag-sociedade"],"_links":{"self":[{"href":"https:\/\/blogs.amarinha.gal\/ribadeando\/wp-json\/wp\/v2\/posts\/8442","targetHints":{"allow":["GET"]}}],"collection":[{"href":"https:\/\/blogs.amarinha.gal\/ribadeando\/wp-json\/wp\/v2\/posts"}],"about":[{"href":"https:\/\/blogs.amarinha.gal\/ribadeando\/wp-json\/wp\/v2\/types\/post"}],"author":[{"embeddable":true,"href":"https:\/\/blogs.amarinha.gal\/ribadeando\/wp-json\/wp\/v2\/users\/3"}],"replies":[{"embeddable":true,"href":"https:\/\/blogs.amarinha.gal\/ribadeando\/wp-json\/wp\/v2\/comments?post=8442"}],"version-history":[{"count":0,"href":"https:\/\/blogs.amarinha.gal\/ribadeando\/wp-json\/wp\/v2\/posts\/8442\/revisions"}],"wp:attachment":[{"href":"https:\/\/blogs.amarinha.gal\/ribadeando\/wp-json\/wp\/v2\/media?parent=8442"}],"wp:term":[{"taxonomy":"category","embeddable":true,"href":"https:\/\/blogs.amarinha.gal\/ribadeando\/wp-json\/wp\/v2\/categories?post=8442"},{"taxonomy":"post_tag","embeddable":true,"href":"https:\/\/blogs.amarinha.gal\/ribadeando\/wp-json\/wp\/v2\/tags?post=8442"}],"curies":[{"name":"wp","href":"https:\/\/api.w.org\/{rel}","templated":true}]}}