{"id":8435,"date":"2010-03-29T14:11:00","date_gmt":"2010-03-29T12:11:00","guid":{"rendered":""},"modified":"2024-11-12T14:59:52","modified_gmt":"2024-11-12T13:59:52","slug":"manifestandose","status":"publish","type":"post","link":"https:\/\/blogs.amarinha.gal\/ribadeando\/2010\/03\/29\/manifestandose\/","title":{"rendered":"Manifest\u00e1ndose"},"content":{"rendered":"<p>A entrada ti\u00f1a outro nome, pero un fallo retrasou a s\u00faa publicaci\u00f3n ata agora e o texto perdeuse; o de agora ser\u00e1 diferente. O caso \u00e9 que quer\u00eda po\u00f1er de manifesto o \u00e9xito dunha manifestaci\u00f3n en Vigo contra a proposta de privatizaci\u00f3n da xesti\u00f3n do novo hospital. O caso garda certas semellanzas con outros lugares de Galicia e por suposto ten relaci\u00f3n co que pasa no servizo ofertado no hospital da Costa, tendo en conta que hai diferencias. De calquera xeito, salvo particularidades, tampouco ser\u00eda quen de facer unha an\u00e1lise profunda do tema (no Tes\u00f3n, a persoa encargada \u00e9 Pancho Campos), co que deixo sinxelamente as preguntas prantexadas segundo o correo que recib\u00edn:<br \/>\n&#8221;<br \/>\nAsunto: EXITO DA MANIFESTACION<br \/>\nCumprimos os nosos obxectivos!<br \/>\nSe pretend\u00edamos que quedara patente o rexeitamento \u00e1 proposta de xesti\u00f3n privada do novo hospital, o conseguimos!<br \/>\nA pesar da escasa repercusi\u00f3n medi\u00e1tica, os que est\u00e1bamos al\u00ed sabemos que a resposta foi contudente.<br \/>\nPodemos dicir coa boca grande que eramos miles e miles de persoas.<br \/>\nO que non podemos \u00e9 esperar que os medios expliquen a proposta do goberno, nin que analicen as alternativas, nin que se debata,&#8230;<br \/>\nOutras manifestaci\u00f3ns son comentadas un mes antes e un mes despois,&#8230; esta non.<br \/>\nNon podemos esperar que o goberno se esforce en facer p\u00fablicos e co\u00f1ecidos por todos, os datos do proxecto:<br \/>\n&#8211; Que a inversi\u00f3n prevista pasou de 350 mill\u00f3ns (publico) a m\u00e1is de 1.000 mill\u00f3ns (Privada: 50 mill\/ano durante 20 anos). Por qu\u00e9??<br \/>\n&#8211; Qu\u00e9 pasou co centro de investigaci\u00f3n sobre o cancro proxectado inicialmente?<br \/>\n&#8211; Por qu\u00e9 non se centralizaron as urxencias que seguir\u00e1n compartidas con POVISA supo\u00f1endo un sobrecuste para o presuposto do SERGAS.<br \/>\n&#8211; Por qu\u00e9 se van a perder camas?<br \/>\n&#8211; Qu\u00e9 vai pasar co Xeral?<br \/>\nO que nos queda \u00e9 seguir inform\u00e1ndonos e organiz\u00e1ndonos, porque ese proxecto NON PODE SAIR ADIANTE!, NON AS\u00cd!!<br \/>\nNON IMOS RENUNCIAR A UNHA SANIDADE P\u00daBLICA E DE CALIDADE.<br \/>\n&#8221;<br \/>\nQu\u00e9dome coa \u00faltima frase: non podemos renunciar a unha sanidade p\u00fablica de calidade, sen esquecer o baile de mill\u00f3ns ou a repercusi\u00f3n medi\u00e1tica das acci\u00f3ns, que infl\u00faennoutras cousas.<\/p>\n","protected":false},"excerpt":{"rendered":"<p>A entrada ti\u00f1a outro nome, pero un fallo retrasou a s\u00faa publicaci\u00f3n ata agora e o texto perdeuse; o de agora ser\u00e1 diferente. O caso \u00e9 que quer\u00eda po\u00f1er de manifesto o \u00e9xito dunha manifestaci\u00f3n en Vigo contra a proposta de privatizaci\u00f3n da xesti\u00f3n do novo hospital. O caso garda certas semellanzas con outros lugares [&hellip;]<\/p>\n","protected":false},"author":3,"featured_media":0,"comment_status":"open","ping_status":"closed","sticky":false,"template":"","format":"standard","meta":{"activitypub_content_warning":"","activitypub_content_visibility":"","activitypub_max_image_attachments":3,"activitypub_interaction_policy_quote":"anyone","activitypub_status":"federated","footnotes":""},"categories":[1],"tags":[74,9],"class_list":["post-8435","post","type-post","status-publish","format-standard","hentry","category-sen-categoria","tag-o-teson","tag-sociedade"],"_links":{"self":[{"href":"https:\/\/blogs.amarinha.gal\/ribadeando\/wp-json\/wp\/v2\/posts\/8435","targetHints":{"allow":["GET"]}}],"collection":[{"href":"https:\/\/blogs.amarinha.gal\/ribadeando\/wp-json\/wp\/v2\/posts"}],"about":[{"href":"https:\/\/blogs.amarinha.gal\/ribadeando\/wp-json\/wp\/v2\/types\/post"}],"author":[{"embeddable":true,"href":"https:\/\/blogs.amarinha.gal\/ribadeando\/wp-json\/wp\/v2\/users\/3"}],"replies":[{"embeddable":true,"href":"https:\/\/blogs.amarinha.gal\/ribadeando\/wp-json\/wp\/v2\/comments?post=8435"}],"version-history":[{"count":0,"href":"https:\/\/blogs.amarinha.gal\/ribadeando\/wp-json\/wp\/v2\/posts\/8435\/revisions"}],"wp:attachment":[{"href":"https:\/\/blogs.amarinha.gal\/ribadeando\/wp-json\/wp\/v2\/media?parent=8435"}],"wp:term":[{"taxonomy":"category","embeddable":true,"href":"https:\/\/blogs.amarinha.gal\/ribadeando\/wp-json\/wp\/v2\/categories?post=8435"},{"taxonomy":"post_tag","embeddable":true,"href":"https:\/\/blogs.amarinha.gal\/ribadeando\/wp-json\/wp\/v2\/tags?post=8435"}],"curies":[{"name":"wp","href":"https:\/\/api.w.org\/{rel}","templated":true}]}}