{"id":8433,"date":"2010-03-29T21:07:00","date_gmt":"2010-03-29T19:07:00","guid":{"rendered":""},"modified":"2024-11-12T14:59:50","modified_gmt":"2024-11-12T13:59:50","slug":"derrumbe","status":"publish","type":"post","link":"https:\/\/blogs.amarinha.gal\/ribadeando\/2010\/03\/29\/derrumbe\/","title":{"rendered":"Derrumbe"},"content":{"rendered":"<p>Os derrumbes est\u00e1nse afacendo a Ribadeo. Onte o mesmo alcalde presenciou un no que se espera futuro albergue de peregrinos. <a href=\"http:\/\/www.ribadeo.org\/actualidade\/nova.php?id=443&#038;lg=gal\">Eiqu\u00ed a nota de prensa da alcald\u00eda<\/a>.<\/p>\n","protected":false},"excerpt":{"rendered":"<p>Os derrumbes est\u00e1nse afacendo a Ribadeo. Onte o mesmo alcalde presenciou un no que se espera futuro albergue de peregrinos. Eiqu\u00ed a nota de prensa da alcald\u00eda.<\/p>\n","protected":false},"author":3,"featured_media":0,"comment_status":"open","ping_status":"closed","sticky":false,"template":"","format":"standard","meta":{"activitypub_content_warning":"","activitypub_content_visibility":"","activitypub_max_image_attachments":3,"activitypub_interaction_policy_quote":"anyone","activitypub_status":"federated","footnotes":""},"categories":[1],"tags":[65],"class_list":["post-8433","post","type-post","status-publish","format-standard","hentry","category-sen-categoria","tag-arquitectura"],"_links":{"self":[{"href":"https:\/\/blogs.amarinha.gal\/ribadeando\/wp-json\/wp\/v2\/posts\/8433","targetHints":{"allow":["GET"]}}],"collection":[{"href":"https:\/\/blogs.amarinha.gal\/ribadeando\/wp-json\/wp\/v2\/posts"}],"about":[{"href":"https:\/\/blogs.amarinha.gal\/ribadeando\/wp-json\/wp\/v2\/types\/post"}],"author":[{"embeddable":true,"href":"https:\/\/blogs.amarinha.gal\/ribadeando\/wp-json\/wp\/v2\/users\/3"}],"replies":[{"embeddable":true,"href":"https:\/\/blogs.amarinha.gal\/ribadeando\/wp-json\/wp\/v2\/comments?post=8433"}],"version-history":[{"count":0,"href":"https:\/\/blogs.amarinha.gal\/ribadeando\/wp-json\/wp\/v2\/posts\/8433\/revisions"}],"wp:attachment":[{"href":"https:\/\/blogs.amarinha.gal\/ribadeando\/wp-json\/wp\/v2\/media?parent=8433"}],"wp:term":[{"taxonomy":"category","embeddable":true,"href":"https:\/\/blogs.amarinha.gal\/ribadeando\/wp-json\/wp\/v2\/categories?post=8433"},{"taxonomy":"post_tag","embeddable":true,"href":"https:\/\/blogs.amarinha.gal\/ribadeando\/wp-json\/wp\/v2\/tags?post=8433"}],"curies":[{"name":"wp","href":"https:\/\/api.w.org\/{rel}","templated":true}]}}