{"id":8432,"date":"2010-03-30T10:23:00","date_gmt":"2010-03-30T08:23:00","guid":{"rendered":""},"modified":"2024-11-12T14:59:48","modified_gmt":"2024-11-12T13:59:48","slug":"hoxe-competencia","status":"publish","type":"post","link":"https:\/\/blogs.amarinha.gal\/ribadeando\/2010\/03\/30\/hoxe-competencia\/","title":{"rendered":"Hoxe, a competencia"},"content":{"rendered":"<p>Estamos en Semana Santa. Despois do Domingo de Ramos, onte foi o Viarucis, a conmemoraci\u00f3n de Jes\u00fas cami\u00f1o do Calvario. Con vento fr\u00edo e unha lua case chea visible despois de varios anos sen deixala ver as nubes, desenrolouse polas r\u00faas c\u00e9ntricas de Ribadeo, con 10 cruces. O viacrucis ten 14 estaci\u00f3ns, simbolizadas por 14 cruces, pero cando preguntei por que \u00edan s\u00f3 10 dix\u00e9ronme que xa nunca sa\u00edan as 14 (algo que non lembro de ning\u00fan ano). Na procesi\u00f3n, a groso modo, unhas 100 persoas, o 1% da poboaci\u00f3n do concello, tendo en conta que era a \u00fanica procesi\u00f3n deste tipo en Ribadeo. Bastante probable que a asistencia \u00f3s bares do recorrido fora maior, nun d\u00eda de semana entre 22 e 23:30.<br \/>\nPor outra banda, iste \u00e9 o primeiro ano que vexo anunciada unha celebraci\u00f3n, relacionada co tempo de Semana Santa, da agrupaci\u00f3n dos Testigos de Xehov\u00e1, \u00e1s 20:30 no cine teatro. \u00c9 de supo\u00f1er que se deixan o seu &#8216;Sal\u00f3n do Reino&#8217; para ir \u00f3 cine \u00e9 que esperan que se lles quede pequeno.<br \/>\nTempo de meditaci\u00f3n, iste de Semana Santa.<\/p>\n","protected":false},"excerpt":{"rendered":"<p>Estamos en Semana Santa. Despois do Domingo de Ramos, onte foi o Viarucis, a conmemoraci\u00f3n de Jes\u00fas cami\u00f1o do Calvario. Con vento fr\u00edo e unha lua case chea visible despois de varios anos sen deixala ver as nubes, desenrolouse polas r\u00faas c\u00e9ntricas de Ribadeo, con 10 cruces. O viacrucis ten 14 estaci\u00f3ns, simbolizadas por 14 [&hellip;]<\/p>\n","protected":false},"author":3,"featured_media":0,"comment_status":"open","ping_status":"closed","sticky":false,"template":"","format":"standard","meta":{"activitypub_content_warning":"","activitypub_content_visibility":"","activitypub_max_image_attachments":3,"activitypub_interaction_policy_quote":"anyone","activitypub_status":"federated","footnotes":""},"categories":[1],"tags":[9],"class_list":["post-8432","post","type-post","status-publish","format-standard","hentry","category-sen-categoria","tag-sociedade"],"_links":{"self":[{"href":"https:\/\/blogs.amarinha.gal\/ribadeando\/wp-json\/wp\/v2\/posts\/8432","targetHints":{"allow":["GET"]}}],"collection":[{"href":"https:\/\/blogs.amarinha.gal\/ribadeando\/wp-json\/wp\/v2\/posts"}],"about":[{"href":"https:\/\/blogs.amarinha.gal\/ribadeando\/wp-json\/wp\/v2\/types\/post"}],"author":[{"embeddable":true,"href":"https:\/\/blogs.amarinha.gal\/ribadeando\/wp-json\/wp\/v2\/users\/3"}],"replies":[{"embeddable":true,"href":"https:\/\/blogs.amarinha.gal\/ribadeando\/wp-json\/wp\/v2\/comments?post=8432"}],"version-history":[{"count":0,"href":"https:\/\/blogs.amarinha.gal\/ribadeando\/wp-json\/wp\/v2\/posts\/8432\/revisions"}],"wp:attachment":[{"href":"https:\/\/blogs.amarinha.gal\/ribadeando\/wp-json\/wp\/v2\/media?parent=8432"}],"wp:term":[{"taxonomy":"category","embeddable":true,"href":"https:\/\/blogs.amarinha.gal\/ribadeando\/wp-json\/wp\/v2\/categories?post=8432"},{"taxonomy":"post_tag","embeddable":true,"href":"https:\/\/blogs.amarinha.gal\/ribadeando\/wp-json\/wp\/v2\/tags?post=8432"}],"curies":[{"name":"wp","href":"https:\/\/api.w.org\/{rel}","templated":true}]}}