{"id":8430,"date":"2010-04-01T09:47:00","date_gmt":"2010-04-01T07:47:00","guid":{"rendered":""},"modified":"2024-11-12T14:59:46","modified_gmt":"2024-11-12T13:59:46","slug":"sobre-xustiza-ligazon-un-artigo","status":"publish","type":"post","link":"https:\/\/blogs.amarinha.gal\/ribadeando\/2010\/04\/01\/sobre-xustiza-ligazon-un-artigo\/","title":{"rendered":"Sobre a xustiza, ligaz\u00f3n a un artigo"},"content":{"rendered":"<p>Chamoume a atenci\u00f3n un <a href=\"http:\/\/periodismohumano.com\/sociedad\/el-verdadero-detonante-de-la-justicia-universal-fue-la-relacion-entre-china-y-telefonica.html\">artigo con varios videos sobre a xustiza<\/a>, no que destacar diversas frases. Por exemplo, falando sobre a limitaci\u00f3n da xustiza universal en Espa\u00f1a (feita hai pouco): &#8220;O verdadeiro detonante do cambio foi a presi\u00f3n china. Foi a m\u00e1is convincente de todas porque depend\u00eda que Telef\u00f3nica pasara a ser a segunda operadora en China&#8221;. A lembrar que se falou moito da presi\u00f3n israel\u00ed a conta da posibilidade de xulgar en Espa\u00f1a a membros do seu gabinete.<\/p>\n","protected":false},"excerpt":{"rendered":"<p>Chamoume a atenci\u00f3n un artigo con varios videos sobre a xustiza, no que destacar diversas frases. Por exemplo, falando sobre a limitaci\u00f3n da xustiza universal en Espa\u00f1a (feita hai pouco): &#8220;O verdadeiro detonante do cambio foi a presi\u00f3n china. Foi a m\u00e1is convincente de todas porque depend\u00eda que Telef\u00f3nica pasara a ser a segunda operadora [&hellip;]<\/p>\n","protected":false},"author":3,"featured_media":0,"comment_status":"open","ping_status":"closed","sticky":false,"template":"","format":"standard","meta":{"activitypub_content_warning":"","activitypub_content_visibility":"","activitypub_max_image_attachments":3,"activitypub_interaction_policy_quote":"anyone","activitypub_status":"federated","footnotes":""},"categories":[1],"tags":[13],"class_list":["post-8430","post","type-post","status-publish","format-standard","hentry","category-sen-categoria","tag-politica"],"_links":{"self":[{"href":"https:\/\/blogs.amarinha.gal\/ribadeando\/wp-json\/wp\/v2\/posts\/8430","targetHints":{"allow":["GET"]}}],"collection":[{"href":"https:\/\/blogs.amarinha.gal\/ribadeando\/wp-json\/wp\/v2\/posts"}],"about":[{"href":"https:\/\/blogs.amarinha.gal\/ribadeando\/wp-json\/wp\/v2\/types\/post"}],"author":[{"embeddable":true,"href":"https:\/\/blogs.amarinha.gal\/ribadeando\/wp-json\/wp\/v2\/users\/3"}],"replies":[{"embeddable":true,"href":"https:\/\/blogs.amarinha.gal\/ribadeando\/wp-json\/wp\/v2\/comments?post=8430"}],"version-history":[{"count":0,"href":"https:\/\/blogs.amarinha.gal\/ribadeando\/wp-json\/wp\/v2\/posts\/8430\/revisions"}],"wp:attachment":[{"href":"https:\/\/blogs.amarinha.gal\/ribadeando\/wp-json\/wp\/v2\/media?parent=8430"}],"wp:term":[{"taxonomy":"category","embeddable":true,"href":"https:\/\/blogs.amarinha.gal\/ribadeando\/wp-json\/wp\/v2\/categories?post=8430"},{"taxonomy":"post_tag","embeddable":true,"href":"https:\/\/blogs.amarinha.gal\/ribadeando\/wp-json\/wp\/v2\/tags?post=8430"}],"curies":[{"name":"wp","href":"https:\/\/api.w.org\/{rel}","templated":true}]}}