{"id":8427,"date":"2010-04-05T09:23:00","date_gmt":"2010-04-05T07:23:00","guid":{"rendered":""},"modified":"2024-11-12T14:59:42","modified_gmt":"2024-11-12T13:59:42","slug":"pasou-semana-santa","status":"publish","type":"post","link":"https:\/\/blogs.amarinha.gal\/ribadeando\/2010\/04\/05\/pasou-semana-santa\/","title":{"rendered":"Pasou a Semana Santa"},"content":{"rendered":"<p>Pasou a Semana Santa, as procesi\u00f3ns, pero de seguro seguir\u00e1 algunha cousa relacionada. Por suposto, a relaci\u00f3n da igrexa con diversos temas, pero tam\u00e9n en Ribadeo, onde o tema do aparcamento comeza a resultar recurrente para alg\u00fan partido. A asistencia de xente, seguindo a aquelo de que cada quen fala da feira segundo como lle vai nela, ser\u00e1 tam\u00e9n tema. Ou o tempo, que parece ter esperado a que remate a semana para presentar unha cara limpa e sen nubes no horizonte.<br \/>\nPero, unha vez pasada, const\u00e1tase sobre todo, e unha vez m\u00e1is, a diferencia de mentalidade respecto \u00e1 semana en relaci\u00f3n a outros anos; vese a disculpa da Semana Santa en troques da propia Semana. En Ribadeo e abondo m\u00e1is al\u00f3.<\/p>\n","protected":false},"excerpt":{"rendered":"<p>Pasou a Semana Santa, as procesi\u00f3ns, pero de seguro seguir\u00e1 algunha cousa relacionada. Por suposto, a relaci\u00f3n da igrexa con diversos temas, pero tam\u00e9n en Ribadeo, onde o tema do aparcamento comeza a resultar recurrente para alg\u00fan partido. A asistencia de xente, seguindo a aquelo de que cada quen fala da feira segundo como lle [&hellip;]<\/p>\n","protected":false},"author":3,"featured_media":0,"comment_status":"open","ping_status":"closed","sticky":false,"template":"","format":"standard","meta":{"activitypub_content_warning":"","activitypub_content_visibility":"","activitypub_max_image_attachments":3,"activitypub_interaction_policy_quote":"anyone","activitypub_status":"federated","footnotes":""},"categories":[1],"tags":[9],"class_list":["post-8427","post","type-post","status-publish","format-standard","hentry","category-sen-categoria","tag-sociedade"],"_links":{"self":[{"href":"https:\/\/blogs.amarinha.gal\/ribadeando\/wp-json\/wp\/v2\/posts\/8427","targetHints":{"allow":["GET"]}}],"collection":[{"href":"https:\/\/blogs.amarinha.gal\/ribadeando\/wp-json\/wp\/v2\/posts"}],"about":[{"href":"https:\/\/blogs.amarinha.gal\/ribadeando\/wp-json\/wp\/v2\/types\/post"}],"author":[{"embeddable":true,"href":"https:\/\/blogs.amarinha.gal\/ribadeando\/wp-json\/wp\/v2\/users\/3"}],"replies":[{"embeddable":true,"href":"https:\/\/blogs.amarinha.gal\/ribadeando\/wp-json\/wp\/v2\/comments?post=8427"}],"version-history":[{"count":0,"href":"https:\/\/blogs.amarinha.gal\/ribadeando\/wp-json\/wp\/v2\/posts\/8427\/revisions"}],"wp:attachment":[{"href":"https:\/\/blogs.amarinha.gal\/ribadeando\/wp-json\/wp\/v2\/media?parent=8427"}],"wp:term":[{"taxonomy":"category","embeddable":true,"href":"https:\/\/blogs.amarinha.gal\/ribadeando\/wp-json\/wp\/v2\/categories?post=8427"},{"taxonomy":"post_tag","embeddable":true,"href":"https:\/\/blogs.amarinha.gal\/ribadeando\/wp-json\/wp\/v2\/tags?post=8427"}],"curies":[{"name":"wp","href":"https:\/\/api.w.org\/{rel}","templated":true}]}}