{"id":8425,"date":"2010-04-05T12:33:00","date_gmt":"2010-04-05T10:33:00","guid":{"rendered":""},"modified":"2024-11-12T14:59:39","modified_gmt":"2024-11-12T13:59:39","slug":"felices-vacacions","status":"publish","type":"post","link":"https:\/\/blogs.amarinha.gal\/ribadeando\/2010\/04\/05\/felices-vacacions\/","title":{"rendered":"Felices vacaci\u00f3ns"},"content":{"rendered":"<p><a onblur=\"try {parent.deselectBloggerImageGracefully();} catch(e) {}\" href=\"https:\/\/blogger.googleusercontent.com\/img\/b\/R29vZ2xl\/AVvXsEiX-UaMRGf5TB3Qa-KOawY8POzoYtCn0m7tN0Hwjq7fABBmaTaGlh_ffx_TPDYLpHx89OzqGGXp9LjrwcdFZKY5HDYt70_ytPuEkHeid2Hq4-RWnfv19yDTRC0bzAN_mYWW6knxSQ\/s2048\/Mamoa+Pallaregas+3.JPG\"><img decoding=\"async\" src=\"https:\/\/blogger.googleusercontent.com\/img\/b\/R29vZ2xl\/AVvXsEiX-UaMRGf5TB3Qa-KOawY8POzoYtCn0m7tN0Hwjq7fABBmaTaGlh_ffx_TPDYLpHx89OzqGGXp9LjrwcdFZKY5HDYt70_ytPuEkHeid2Hq4-RWnfv19yDTRC0bzAN_mYWW6knxSQ\/s2048\/Mamoa+Pallaregas+3.JPG\" alt=\"\" \/><\/a><br \/>\n<a onblur=\"try {parent.deselectBloggerImageGracefully();} catch(e) {}\" href=\"https:\/\/blogger.googleusercontent.com\/img\/b\/R29vZ2xl\/AVvXsEh3GXnhyphenhyphen_wdIvX47bp_qeYKeoE0q4LWzR8h9_YL4vVPCRf3B-XghCgnWRfZi0Ie-vGudz8CVzgHu8IuBxwgkKqpEwDXmLeQXG-wrQTiq6AlTpk_2UrzJITUXl8_7qfy8VAcY3FdIQ\/s2048\/Mamoa+Pallaregas+2.JPG\"><img decoding=\"async\" src=\"https:\/\/blogger.googleusercontent.com\/img\/b\/R29vZ2xl\/AVvXsEh3GXnhyphenhyphen_wdIvX47bp_qeYKeoE0q4LWzR8h9_YL4vVPCRf3B-XghCgnWRfZi0Ie-vGudz8CVzgHu8IuBxwgkKqpEwDXmLeQXG-wrQTiq6AlTpk_2UrzJITUXl8_7qfy8VAcY3FdIQ\/s2048\/Mamoa+Pallaregas+2.JPG\" alt=\"\" \/><\/a><br \/>\n<a onblur=\"try {parent.deselectBloggerImageGracefully();} catch(e) {}\" href=\"https:\/\/blogger.googleusercontent.com\/img\/b\/R29vZ2xl\/AVvXsEjbNeiNKaK22m1tM_U7XrAvOo7lpzkwSE3hwXw2SknUBzuhTQmuhs2UTjtRrHAJ6Y-32xYZg88ZeJU51UxyOZXvMdiV4EBG74dLN8UA9xjwRKKgJTZDPzIp8YdwVzEsevSsrM7pCw\/s2048\/Mamoa+Pallaregas+1.JPG\"><img decoding=\"async\" src=\"https:\/\/blogger.googleusercontent.com\/img\/b\/R29vZ2xl\/AVvXsEjbNeiNKaK22m1tM_U7XrAvOo7lpzkwSE3hwXw2SknUBzuhTQmuhs2UTjtRrHAJ6Y-32xYZg88ZeJU51UxyOZXvMdiV4EBG74dLN8UA9xjwRKKgJTZDPzIp8YdwVzEsevSsrM7pCw\/s2048\/Mamoa+Pallaregas+1.JPG\" alt=\"\" \/><\/a><br \/>\nAs\u00ed comezaba o correo no que recib\u00edn as fotos que adxunto (entre outras moitas do mesmo sitio que me enviou Pancho Campos) da destrucci\u00f3n da M\u00e1moa das Pallaregas. O tema \u00e9 unha limpeza que permite ver como est\u00e1 a zona, citando \u00f3 autor do env\u00edo, &#8220;na que se ve un mont\u00edculo com\u00fan con outras protuberancias m\u00e1is ou menos relevantes (supo\u00f1o que tumbas varias) e derriba as pedras chantadas, a\u00ednda que a m\u00e1is grande vese que est\u00e1 tirada e arrastrada do seu sitio, debido o paso dos tractores que recollen e plantan a madeira. Vense toc\u00f3ns de pinos cortados xa fai tempo e agora \u00f3 po\u00f1er os eucalitos en fila, tampouco respetaron o xacemento, pois hai varios (como seis) plantados derriba do asentamento. Esto, que xa ocurre noutros castros e que denunciaba <a href=\"http:\/\/cargadoiro.blogcindario.com\/2008\/01\/00145-yacimientos-arqueologicos-en-ribadeo.html\">Jos\u00e9 Mar\u00eda<\/a>, est\u00e1 a ocurrir tam\u00e9n no xacemento da Cadeira en San Marcos de Trabada.&#8221;<br \/>\nSe as fotos non est\u00e1n abondo claras, unha visiti\u00f1a pode aclarar as cousas.<br \/>\nAlgunha cousa m\u00e1is sobre as m\u00e1moas nas Pallaregas: <a href=\"http:\/\/digital.csic.es\/bitstream\/10261\/5711\/1\/CAPA4.pdf\">http:\/\/digital.csic.es\/bitstream\/10261\/5711\/1\/CAPA4.pdf<\/a>, na p. 81 (89 do pdf), ou mellor, <a href=\"http:\/\/www-gtarpa.usc.es\/descarga\/CapaTapa\/Tapa\/TAPA8.pdf\">http:\/\/www-gtarpa.usc.es\/descarga\/CapaTapa\/Tapa\/TAPA8.pdf<\/a> en p.37 (43 do pdf)<\/p>\n","protected":false},"excerpt":{"rendered":"<p>As\u00ed comezaba o correo no que recib\u00edn as fotos que adxunto (entre outras moitas do mesmo sitio que me enviou Pancho Campos) da destrucci\u00f3n da M\u00e1moa das Pallaregas. O tema \u00e9 unha limpeza que permite ver como est\u00e1 a zona, citando \u00f3 autor do env\u00edo, &#8220;na que se ve un mont\u00edculo com\u00fan con outras protuberancias [&hellip;]<\/p>\n","protected":false},"author":3,"featured_media":0,"comment_status":"open","ping_status":"closed","sticky":false,"template":"","format":"standard","meta":{"activitypub_content_warning":"","activitypub_content_visibility":"","activitypub_max_image_attachments":3,"activitypub_interaction_policy_quote":"anyone","activitypub_status":"federated","footnotes":""},"categories":[1],"tags":[10,9],"class_list":["post-8425","post","type-post","status-publish","format-standard","hentry","category-sen-categoria","tag-cultura","tag-sociedade"],"_links":{"self":[{"href":"https:\/\/blogs.amarinha.gal\/ribadeando\/wp-json\/wp\/v2\/posts\/8425","targetHints":{"allow":["GET"]}}],"collection":[{"href":"https:\/\/blogs.amarinha.gal\/ribadeando\/wp-json\/wp\/v2\/posts"}],"about":[{"href":"https:\/\/blogs.amarinha.gal\/ribadeando\/wp-json\/wp\/v2\/types\/post"}],"author":[{"embeddable":true,"href":"https:\/\/blogs.amarinha.gal\/ribadeando\/wp-json\/wp\/v2\/users\/3"}],"replies":[{"embeddable":true,"href":"https:\/\/blogs.amarinha.gal\/ribadeando\/wp-json\/wp\/v2\/comments?post=8425"}],"version-history":[{"count":0,"href":"https:\/\/blogs.amarinha.gal\/ribadeando\/wp-json\/wp\/v2\/posts\/8425\/revisions"}],"wp:attachment":[{"href":"https:\/\/blogs.amarinha.gal\/ribadeando\/wp-json\/wp\/v2\/media?parent=8425"}],"wp:term":[{"taxonomy":"category","embeddable":true,"href":"https:\/\/blogs.amarinha.gal\/ribadeando\/wp-json\/wp\/v2\/categories?post=8425"},{"taxonomy":"post_tag","embeddable":true,"href":"https:\/\/blogs.amarinha.gal\/ribadeando\/wp-json\/wp\/v2\/tags?post=8425"}],"curies":[{"name":"wp","href":"https:\/\/api.w.org\/{rel}","templated":true}]}}