{"id":8416,"date":"2010-04-13T07:29:00","date_gmt":"2010-04-13T05:29:00","guid":{"rendered":""},"modified":"2024-11-12T14:59:21","modified_gmt":"2024-11-12T13:59:21","slug":"xvi-feira-da-ciencia","status":"publish","type":"post","link":"https:\/\/blogs.amarinha.gal\/ribadeando\/2010\/04\/13\/xvi-feira-da-ciencia\/","title":{"rendered":"XVI Feira da Ciencia"},"content":{"rendered":"<p>Hoxe ser\u00e1 inaugurada \u00e1s seis da tarde a XVI Feira da Ciencia de Ribadeo no IES Porta da Auga. Desenvoltarase ata venres \u00f3 mediod\u00eda, con entrada p\u00fablica e gratu\u00edta. Est\u00e1n concertadas visitas de centros educativos.<br \/>\nM\u00e1is informaci\u00f3n en <a href=\"http:\/\/feirasdeciencia.wikispaces.com\/XVI+Feira+da+Ciencia+do+IES+Porta+da+Auga\">As feiras de ciencia na Galiza<\/a> ou na web do <a href=\"http:\/\/centros.edu.xunta.es\/iesportadaauga\/actividades\/feira_da_ciencia\/xvi_feira_2010\/xvi_feira.htm\">IES Porta da Auga<\/a>.<\/p>\n","protected":false},"excerpt":{"rendered":"<p>Hoxe ser\u00e1 inaugurada \u00e1s seis da tarde a XVI Feira da Ciencia de Ribadeo no IES Porta da Auga. Desenvoltarase ata venres \u00f3 mediod\u00eda, con entrada p\u00fablica e gratu\u00edta. Est\u00e1n concertadas visitas de centros educativos. M\u00e1is informaci\u00f3n en As feiras de ciencia na Galiza ou na web do IES Porta da Auga.<\/p>\n","protected":false},"author":3,"featured_media":0,"comment_status":"open","ping_status":"closed","sticky":false,"template":"","format":"standard","meta":{"activitypub_content_warning":"","activitypub_content_visibility":"","activitypub_max_image_attachments":3,"activitypub_interaction_policy_quote":"anyone","activitypub_status":"federated","footnotes":""},"categories":[1],"tags":[9],"class_list":["post-8416","post","type-post","status-publish","format-standard","hentry","category-sen-categoria","tag-sociedade"],"_links":{"self":[{"href":"https:\/\/blogs.amarinha.gal\/ribadeando\/wp-json\/wp\/v2\/posts\/8416","targetHints":{"allow":["GET"]}}],"collection":[{"href":"https:\/\/blogs.amarinha.gal\/ribadeando\/wp-json\/wp\/v2\/posts"}],"about":[{"href":"https:\/\/blogs.amarinha.gal\/ribadeando\/wp-json\/wp\/v2\/types\/post"}],"author":[{"embeddable":true,"href":"https:\/\/blogs.amarinha.gal\/ribadeando\/wp-json\/wp\/v2\/users\/3"}],"replies":[{"embeddable":true,"href":"https:\/\/blogs.amarinha.gal\/ribadeando\/wp-json\/wp\/v2\/comments?post=8416"}],"version-history":[{"count":0,"href":"https:\/\/blogs.amarinha.gal\/ribadeando\/wp-json\/wp\/v2\/posts\/8416\/revisions"}],"wp:attachment":[{"href":"https:\/\/blogs.amarinha.gal\/ribadeando\/wp-json\/wp\/v2\/media?parent=8416"}],"wp:term":[{"taxonomy":"category","embeddable":true,"href":"https:\/\/blogs.amarinha.gal\/ribadeando\/wp-json\/wp\/v2\/categories?post=8416"},{"taxonomy":"post_tag","embeddable":true,"href":"https:\/\/blogs.amarinha.gal\/ribadeando\/wp-json\/wp\/v2\/tags?post=8416"}],"curies":[{"name":"wp","href":"https:\/\/api.w.org\/{rel}","templated":true}]}}