{"id":8414,"date":"2010-04-14T07:19:00","date_gmt":"2010-04-14T05:19:00","guid":{"rendered":""},"modified":"2024-11-12T14:59:18","modified_gmt":"2024-11-12T13:59:18","slug":"portos-en-ribadeo","status":"publish","type":"post","link":"https:\/\/blogs.amarinha.gal\/ribadeando\/2010\/04\/14\/portos-en-ribadeo\/","title":{"rendered":"Portos en Ribadeo"},"content":{"rendered":"<p><a onblur=\"try {parent.deselectBloggerImageGracefully();} catch(e) {}\" href=\"https:\/\/blogger.googleusercontent.com\/img\/b\/R29vZ2xl\/AVvXsEgJuaF-DHZmH4YfJfmra0PmUeZVusUfv-QzRZmy-UwCuYU6QAlk-YJ5VrSZwMv-pXTpCj50_KRN-pA77K65bHchW8pUET1PdLxTthJZaXwlrtQUeZ1BFy8WV1rSeLJJ2RS2WGmLMg\/s2048\/irasol.jpg\"><img decoding=\"async\" src=\"https:\/\/blogger.googleusercontent.com\/img\/b\/R29vZ2xl\/AVvXsEgJuaF-DHZmH4YfJfmra0PmUeZVusUfv-QzRZmy-UwCuYU6QAlk-YJ5VrSZwMv-pXTpCj50_KRN-pA77K65bHchW8pUET1PdLxTthJZaXwlrtQUeZ1BFy8WV1rSeLJJ2RS2WGmLMg\/s2048\/irasol.jpg\" alt=\"\" \/><\/a><br \/>\nAparec\u00eda onte a <a href=\"http:\/\/www.lavozdegalicia.es\/amarina\/2010\/04\/13\/0003_8414753.htm\">nova de que a reconstrucci\u00f3n das naves do porto est\u00e1 pr\u00f3xima<\/a>. A necesidade de facer algo \u00e9 evidente para quen pase \u00e1 beira. E, nun porto din\u00e1mico, o l\u00f3xico \u00e9 unha construcci\u00f3n. Reconstrucci\u00f3n segundo parece neste caso, \u00e1 que se adicar\u00e1n 549 000 \u20ac, que adem\u00e1is servir\u00e1n para unha nova nave duns 900 m<sup>2<\/sup> nun espazo &#8220;acondicionado inicialmente para a estiba das mercador\u00edas de carga e descarga&#8221;. O \u00falimo recheo, rematando de igualar en altura de chan na actualidade, ten 8 000 m<sup>2<\/sup> e \u00eda destinado a non ser cuberto en principio, sen\u00f3n precisamente para cousas accesorias \u00e1 estiba e desestiba, pero a prensa non aclara onde se vai facer, e vendo a imaxe, parece que o l\u00f3xico \u00e9 que vaia a car\u00f3n das anteriores.<br \/>\nA foto, de Mirasol no Sigpac, nunha versi\u00f3n onde se nota a\u00ednda a falta da nave no pequeno tri\u00e1ngulo \u00f3 sur da estrada de acceso, a falta doa estrada de circunvalaci\u00f3n das instalaci\u00f3ns ou a igualaci\u00f3n dea nivel na zona norte do porto. Para facerse unha idea, a nave m\u00e1is \u00f3 onrte (na imaxe, a &#8216;m\u00e1is arriba e \u00e1 dereita&#8217;, teito branco) das situadas no fronte de carga, non chega ben \u00f3s 900 m<sup>2<\/sup><\/p>\n","protected":false},"excerpt":{"rendered":"<p>Aparec\u00eda onte a nova de que a reconstrucci\u00f3n das naves do porto est\u00e1 pr\u00f3xima. A necesidade de facer algo \u00e9 evidente para quen pase \u00e1 beira. E, nun porto din\u00e1mico, o l\u00f3xico \u00e9 unha construcci\u00f3n. Reconstrucci\u00f3n segundo parece neste caso, \u00e1 que se adicar\u00e1n 549 000 \u20ac, que adem\u00e1is servir\u00e1n para unha nova nave duns [&hellip;]<\/p>\n","protected":false},"author":3,"featured_media":0,"comment_status":"open","ping_status":"closed","sticky":false,"template":"","format":"standard","meta":{"activitypub_content_warning":"","activitypub_content_visibility":"","activitypub_max_image_attachments":3,"activitypub_interaction_policy_quote":"anyone","activitypub_status":"federated","footnotes":""},"categories":[1],"tags":[21,57],"class_list":["post-8414","post","type-post","status-publish","format-standard","hentry","category-sen-categoria","tag-economia","tag-fotos-ria-de-ribadeo"],"_links":{"self":[{"href":"https:\/\/blogs.amarinha.gal\/ribadeando\/wp-json\/wp\/v2\/posts\/8414","targetHints":{"allow":["GET"]}}],"collection":[{"href":"https:\/\/blogs.amarinha.gal\/ribadeando\/wp-json\/wp\/v2\/posts"}],"about":[{"href":"https:\/\/blogs.amarinha.gal\/ribadeando\/wp-json\/wp\/v2\/types\/post"}],"author":[{"embeddable":true,"href":"https:\/\/blogs.amarinha.gal\/ribadeando\/wp-json\/wp\/v2\/users\/3"}],"replies":[{"embeddable":true,"href":"https:\/\/blogs.amarinha.gal\/ribadeando\/wp-json\/wp\/v2\/comments?post=8414"}],"version-history":[{"count":0,"href":"https:\/\/blogs.amarinha.gal\/ribadeando\/wp-json\/wp\/v2\/posts\/8414\/revisions"}],"wp:attachment":[{"href":"https:\/\/blogs.amarinha.gal\/ribadeando\/wp-json\/wp\/v2\/media?parent=8414"}],"wp:term":[{"taxonomy":"category","embeddable":true,"href":"https:\/\/blogs.amarinha.gal\/ribadeando\/wp-json\/wp\/v2\/categories?post=8414"},{"taxonomy":"post_tag","embeddable":true,"href":"https:\/\/blogs.amarinha.gal\/ribadeando\/wp-json\/wp\/v2\/tags?post=8414"}],"curies":[{"name":"wp","href":"https:\/\/api.w.org\/{rel}","templated":true}]}}