{"id":8410,"date":"2010-04-17T11:10:00","date_gmt":"2010-04-17T09:10:00","guid":{"rendered":""},"modified":"2024-11-12T14:59:13","modified_gmt":"2024-11-12T13:59:13","slug":"de-urbanismo-nas-proximidades","status":"publish","type":"post","link":"https:\/\/blogs.amarinha.gal\/ribadeando\/2010\/04\/17\/de-urbanismo-nas-proximidades\/","title":{"rendered":"De urbanismo, nas proximidades"},"content":{"rendered":"<p><a onblur=\"try {parent.deselectBloggerImageGracefully();} catch(e) {}\" href=\"https:\/\/blogger.googleusercontent.com\/img\/b\/R29vZ2xl\/AVvXsEjHAKERDzZgANnuDaNQQ5omrevqscrWV09ppjBjzQN7PMDU32xBqScRAy2D6CgBZQs3JmzScmchySy1rOjRtcn8ZI2AmFmrDHVMXhzUlZbvOTBZCkWQo8pHqHniaMvisWMwkevYoQ\/s2048\/Costa+barreiros.jpg\"><img decoding=\"async\" src=\"https:\/\/blogger.googleusercontent.com\/img\/b\/R29vZ2xl\/AVvXsEjHAKERDzZgANnuDaNQQ5omrevqscrWV09ppjBjzQN7PMDU32xBqScRAy2D6CgBZQs3JmzScmchySy1rOjRtcn8ZI2AmFmrDHVMXhzUlZbvOTBZCkWQo8pHqHniaMvisWMwkevYoQ\/s2048\/Costa+barreiros.jpg\" alt=\"\" \/><\/a>Na imaxe, un cachi\u00f1o de &#8216;Costa Barreiros&#8217; en vista do sigpac.<br \/>\nUn par de d\u00edas despois de ver a <a href=\"http:\/\/cargadoiro.blogcindario.com\/2010\/04\/00294-laissez-faire.html\">entrada de Vida Pol\u00edtico-Social sobre urbanismo en Barreiros<\/a>, e apreciar en diversos medios unha derivaci\u00f3n da pol\u00e9mica das autorizaci\u00f3ns das construcci\u00f3ns no concello vici\u00f1o (<a href=\"http:\/\/www.elpais.com\/articulo\/Galicia\/Hernandez\/evita\/explicar\/despido\/responsable\/control\/urbanistico\/elpepuespgal\/20100415elpgal_8\/Tes\">aqu\u00ed<\/a> ou <a href=\"http:\/\/www.elpais.com\/articulo\/Galicia\/Adega\/llevara\/tribunales\/convenio\/Barreiros\/elpepuespgal\/20100415elpgal_7\/Tes\">aqu\u00ed<\/a> se consideramos s\u00f3 &#8216;El Pa\u00eds&#8217; de antonte), coido que debo polo menos, facer a cita da guerra sobre un problema que afecta a moita xente. Neste caso, podo adoitar a primeira entrada que refiro; adem\u00e1is, no blog te\u00f1en aparecido diversas referencias (<a href=\"http:\/\/ribadeando.blogspot.com\/2007\/11\/barreiros-e-unha-lembranza-da-pegada.html\">0<\/a>,<a href=\"http:\/\/ribadeando.blogspot.com\/2009\/10\/chegou-o-estrangulamento.html\">1<\/a>,<a href=\"http:\/\/ribadeando.blogspot.com\/2008\/01\/gras-en-barreiros.html\">2<\/a>,<a href=\"http:\/\/ribadeando.blogspot.com\/2010\/02\/embrollos.html\">3<\/a>,<a href=\"http:\/\/ribadeando.blogspot.com\/2006\/09\/maria-dos-mercaderes-separase-de.html\">4<\/a>,<a href=\"http:\/\/ribadeando.blogspot.com\/2006\/12\/proveito-poltico.html\">5<\/a>,<a href=\"http:\/\/ribadeando.blogspot.com\/2008\/10\/cogomelos.html\">6<\/a>,<a href=\"http:\/\/ribadeando.blogspot.com\/2008\/01\/comparado-co-totalitarismo-un-grande.html\">7<\/a>, ou outra na que dou nota dunha<a href=\"http:\/\/ribadeando.blogspot.com\/2006\/10\/foto-miguel-ribadeo-2-de-hoxe.html\"> foto sobre a costa Barreiros exposta en Foto Miguel<\/a>) \u00f3 tema \u00f3 longo do tempo.<\/p>\n","protected":false},"excerpt":{"rendered":"<p>Na imaxe, un cachi\u00f1o de &#8216;Costa Barreiros&#8217; en vista do sigpac. Un par de d\u00edas despois de ver a entrada de Vida Pol\u00edtico-Social sobre urbanismo en Barreiros, e apreciar en diversos medios unha derivaci\u00f3n da pol\u00e9mica das autorizaci\u00f3ns das construcci\u00f3ns no concello vici\u00f1o (aqu\u00ed ou aqu\u00ed se consideramos s\u00f3 &#8216;El Pa\u00eds&#8217; de antonte), coido que [&hellip;]<\/p>\n","protected":false},"author":3,"featured_media":0,"comment_status":"open","ping_status":"closed","sticky":false,"template":"","format":"standard","meta":{"activitypub_content_warning":"","activitypub_content_visibility":"","activitypub_max_image_attachments":3,"activitypub_interaction_policy_quote":"anyone","activitypub_status":"federated","footnotes":""},"categories":[1],"tags":[65],"class_list":["post-8410","post","type-post","status-publish","format-standard","hentry","category-sen-categoria","tag-arquitectura"],"_links":{"self":[{"href":"https:\/\/blogs.amarinha.gal\/ribadeando\/wp-json\/wp\/v2\/posts\/8410","targetHints":{"allow":["GET"]}}],"collection":[{"href":"https:\/\/blogs.amarinha.gal\/ribadeando\/wp-json\/wp\/v2\/posts"}],"about":[{"href":"https:\/\/blogs.amarinha.gal\/ribadeando\/wp-json\/wp\/v2\/types\/post"}],"author":[{"embeddable":true,"href":"https:\/\/blogs.amarinha.gal\/ribadeando\/wp-json\/wp\/v2\/users\/3"}],"replies":[{"embeddable":true,"href":"https:\/\/blogs.amarinha.gal\/ribadeando\/wp-json\/wp\/v2\/comments?post=8410"}],"version-history":[{"count":0,"href":"https:\/\/blogs.amarinha.gal\/ribadeando\/wp-json\/wp\/v2\/posts\/8410\/revisions"}],"wp:attachment":[{"href":"https:\/\/blogs.amarinha.gal\/ribadeando\/wp-json\/wp\/v2\/media?parent=8410"}],"wp:term":[{"taxonomy":"category","embeddable":true,"href":"https:\/\/blogs.amarinha.gal\/ribadeando\/wp-json\/wp\/v2\/categories?post=8410"},{"taxonomy":"post_tag","embeddable":true,"href":"https:\/\/blogs.amarinha.gal\/ribadeando\/wp-json\/wp\/v2\/tags?post=8410"}],"curies":[{"name":"wp","href":"https:\/\/api.w.org\/{rel}","templated":true}]}}