{"id":8406,"date":"2010-04-19T17:41:00","date_gmt":"2010-04-19T15:41:00","guid":{"rendered":""},"modified":"2024-11-12T14:59:08","modified_gmt":"2024-11-12T13:59:08","slug":"memoria-dos-oficios-de-ribadeo","status":"publish","type":"post","link":"https:\/\/blogs.amarinha.gal\/ribadeando\/2010\/04\/19\/memoria-dos-oficios-de-ribadeo\/","title":{"rendered":"Memoria dos oficios de Ribadeo"},"content":{"rendered":"<p><a onblur=\"try {parent.deselectBloggerImageGracefully();} catch(e) {}\" href=\"https:\/\/blogger.googleusercontent.com\/img\/b\/R29vZ2xl\/AVvXsEgLIGc-Q2bl7rcZEQhxwfa_oQlOt-7vxJOxrQRTe4WAb0wHXDh_9KbupGetPVbnMtu7_zFaWGtTOX6V-4JpPprDo-e2GQJ4f2Pk1R0Ov_xQKMuCd0pj7Xvt-dMOaTvH-XDOsmDtmQ\/s2048\/leiteiras.jpg\"><img decoding=\"async\" src=\"https:\/\/blogger.googleusercontent.com\/img\/b\/R29vZ2xl\/AVvXsEgLIGc-Q2bl7rcZEQhxwfa_oQlOt-7vxJOxrQRTe4WAb0wHXDh_9KbupGetPVbnMtu7_zFaWGtTOX6V-4JpPprDo-e2GQJ4f2Pk1R0Ov_xQKMuCd0pj7Xvt-dMOaTvH-XDOsmDtmQ\/s2048\/leiteiras.jpg\" alt=\"\" \/><\/a><br \/>\nO pr\u00f3ximo xoves 22, \u00e1s 19:30, con entrada libre, ter\u00e1 lugar no auditorio Hern\u00e1n Naval de Ribadeo a presentaci\u00f3n da &#8216;Memoria dos oficios&#8217;: catro vidas, catro oficios ribadenses. Os oficios do mar, un ebanista, unha modista e un xastre, nunha montaxe audiovisual.<\/p>\n<p>A nota recibida m\u00e9rcores 21 de abril:<br \/>\nO Centro de Modernizaci\u00f3n e Inclusi\u00f3n Tecnol\u00f3xica da Xunta de Galiza en colaboraci\u00f3n co Concello de Ribadeo, presentar\u00e1 a iniciativa Memoria dos Oficios o xoves 22 de abril \u00e1s 19:30 horas no auditorio municipal Hern\u00e1n Naval. O acceso \u00e9 libre e de balde.<\/p>\n<p>Este proxecto foi levado a cabo o ano pasado no Telecentro e nel participaron d\u00faas mulleres e dous homes do municipio, entre os 65 e 80 anos, que nos quixeron contar algo dos oficios tradicionais e das s\u00faas vidas.<\/p>\n<p>Memoria dos Oficios nace cun dobre obxectivo: por un lado facer uso das novas tecnolox\u00edas e, por outro, recuperar as lembranzas sobre os oficios tradicionais do pobo ribadense.<\/p>\n<p>Os catro protagonistas, (unha muller de mar, un ebanista, unha modista e un xastre) foron capaces de elaborar un video conxunto no que se narra unha historia con imaxes, m\u00fasica e voz en off para relatar as s\u00faas experiencias e co\u00f1ecementos sobre os oficios tradicionais.<\/p>\n<p>*A imaxe das leiteiras \u00e9 de Ruth Matilda Anderson. Nos anos 20 fotografou Galiza para a Hispanic Society of America<\/p>\n","protected":false},"excerpt":{"rendered":"<p>O pr\u00f3ximo xoves 22, \u00e1s 19:30, con entrada libre, ter\u00e1 lugar no auditorio Hern\u00e1n Naval de Ribadeo a presentaci\u00f3n da &#8216;Memoria dos oficios&#8217;: catro vidas, catro oficios ribadenses. Os oficios do mar, un ebanista, unha modista e un xastre, nunha montaxe audiovisual. A nota recibida m\u00e9rcores 21 de abril: O Centro de Modernizaci\u00f3n e Inclusi\u00f3n [&hellip;]<\/p>\n","protected":false},"author":3,"featured_media":0,"comment_status":"open","ping_status":"closed","sticky":false,"template":"","format":"standard","meta":{"activitypub_content_warning":"","activitypub_content_visibility":"","activitypub_max_image_attachments":3,"activitypub_interaction_policy_quote":"anyone","activitypub_status":"federated","footnotes":""},"categories":[1],"tags":[9],"class_list":["post-8406","post","type-post","status-publish","format-standard","hentry","category-sen-categoria","tag-sociedade"],"_links":{"self":[{"href":"https:\/\/blogs.amarinha.gal\/ribadeando\/wp-json\/wp\/v2\/posts\/8406","targetHints":{"allow":["GET"]}}],"collection":[{"href":"https:\/\/blogs.amarinha.gal\/ribadeando\/wp-json\/wp\/v2\/posts"}],"about":[{"href":"https:\/\/blogs.amarinha.gal\/ribadeando\/wp-json\/wp\/v2\/types\/post"}],"author":[{"embeddable":true,"href":"https:\/\/blogs.amarinha.gal\/ribadeando\/wp-json\/wp\/v2\/users\/3"}],"replies":[{"embeddable":true,"href":"https:\/\/blogs.amarinha.gal\/ribadeando\/wp-json\/wp\/v2\/comments?post=8406"}],"version-history":[{"count":0,"href":"https:\/\/blogs.amarinha.gal\/ribadeando\/wp-json\/wp\/v2\/posts\/8406\/revisions"}],"wp:attachment":[{"href":"https:\/\/blogs.amarinha.gal\/ribadeando\/wp-json\/wp\/v2\/media?parent=8406"}],"wp:term":[{"taxonomy":"category","embeddable":true,"href":"https:\/\/blogs.amarinha.gal\/ribadeando\/wp-json\/wp\/v2\/categories?post=8406"},{"taxonomy":"post_tag","embeddable":true,"href":"https:\/\/blogs.amarinha.gal\/ribadeando\/wp-json\/wp\/v2\/tags?post=8406"}],"curies":[{"name":"wp","href":"https:\/\/api.w.org\/{rel}","templated":true}]}}