{"id":8401,"date":"2010-04-23T07:25:00","date_gmt":"2010-04-23T05:25:00","guid":{"rendered":""},"modified":"2024-11-12T14:58:54","modified_gmt":"2024-11-12T13:58:54","slug":"violencia-de-xenero-version-2010","status":"publish","type":"post","link":"https:\/\/blogs.amarinha.gal\/ribadeando\/2010\/04\/23\/violencia-de-xenero-version-2010\/","title":{"rendered":"Violencia de x\u00e9nero versi\u00f3n 2010"},"content":{"rendered":"<p><a onblur=\"try {parent.deselectBloggerImageGracefully();} catch(e) {}\" href=\"https:\/\/blogger.googleusercontent.com\/img\/b\/R29vZ2xl\/AVvXsEh2aM3pZ16J5qMJfLxKwZmOPvYYJ-bN8PuPqYQ36XRHS2Y9P9wIiotu3oPYX9LwdvviH6eVTm2pSgkNBVkxFMDiafVBr4XMNrtWWusrL8gvmIJqLSBT342b0ODU6Y2hPNmFFlOXEQ\/s2048\/XORNADAS+VILOENCIA+XENERO+2010+_.jpg\"><img decoding=\"async\" src=\"https:\/\/blogger.googleusercontent.com\/img\/b\/R29vZ2xl\/AVvXsEh2aM3pZ16J5qMJfLxKwZmOPvYYJ-bN8PuPqYQ36XRHS2Y9P9wIiotu3oPYX9LwdvviH6eVTm2pSgkNBVkxFMDiafVBr4XMNrtWWusrL8gvmIJqLSBT342b0ODU6Y2hPNmFFlOXEQ\/s2048\/XORNADAS+VILOENCIA+XENERO+2010+_.jpg\" alt=\"\" \/><\/a><br \/>\n<a onblur=\"try {parent.deselectBloggerImageGracefully();} catch(e) {}\" href=\"https:\/\/blogger.googleusercontent.com\/img\/b\/R29vZ2xl\/AVvXsEiNalaKFIvvhss-FPjsk-o3sy4RXd0HGSZmxjyOF5eDI9WXnKJeZf0NsLO-f-KeXvZHgpxeNHUnOAbO6be9FRWn8GOqOSZN6h5mrtNjoXpsWYGB6MR_Qa9wnmrBkMZk7jckXBIJHQ\/s2048\/violencia+de+x%C3%A9nero+2010.jpeg\"><img decoding=\"async\" src=\"https:\/\/blogger.googleusercontent.com\/img\/b\/R29vZ2xl\/AVvXsEiNalaKFIvvhss-FPjsk-o3sy4RXd0HGSZmxjyOF5eDI9WXnKJeZf0NsLO-f-KeXvZHgpxeNHUnOAbO6be9FRWn8GOqOSZN6h5mrtNjoXpsWYGB6MR_Qa9wnmrBkMZk7jckXBIJHQ\/s2048\/violencia+de+x%C3%A9nero+2010.jpeg\" alt=\"\" \/><\/a><br \/>\nHoxe dan comezo as xornadas de violencia de x\u00e9nero. xer\u00e1n hoxe pola tarde e ma\u00f1\u00e1 no Parador de turismo, e a diferencia doutros anos, m\u00e1is institucionais, no presente parecen estar m\u00e1is dirixidas \u00e1s persoas que poden actuar m\u00e1is direitamente sobre o tema \u00e9 \u00e1 poboaci\u00f3n que pode resultar m\u00e1is direitamente afectada.<\/p>\n","protected":false},"excerpt":{"rendered":"<p>Hoxe dan comezo as xornadas de violencia de x\u00e9nero. xer\u00e1n hoxe pola tarde e ma\u00f1\u00e1 no Parador de turismo, e a diferencia doutros anos, m\u00e1is institucionais, no presente parecen estar m\u00e1is dirixidas \u00e1s persoas que poden actuar m\u00e1is direitamente sobre o tema \u00e9 \u00e1 poboaci\u00f3n que pode resultar m\u00e1is direitamente afectada.<\/p>\n","protected":false},"author":3,"featured_media":0,"comment_status":"open","ping_status":"closed","sticky":false,"template":"","format":"standard","meta":{"activitypub_content_warning":"","activitypub_content_visibility":"","activitypub_max_image_attachments":3,"activitypub_interaction_policy_quote":"anyone","activitypub_status":"federated","footnotes":""},"categories":[1],"tags":[9],"class_list":["post-8401","post","type-post","status-publish","format-standard","hentry","category-sen-categoria","tag-sociedade"],"_links":{"self":[{"href":"https:\/\/blogs.amarinha.gal\/ribadeando\/wp-json\/wp\/v2\/posts\/8401","targetHints":{"allow":["GET"]}}],"collection":[{"href":"https:\/\/blogs.amarinha.gal\/ribadeando\/wp-json\/wp\/v2\/posts"}],"about":[{"href":"https:\/\/blogs.amarinha.gal\/ribadeando\/wp-json\/wp\/v2\/types\/post"}],"author":[{"embeddable":true,"href":"https:\/\/blogs.amarinha.gal\/ribadeando\/wp-json\/wp\/v2\/users\/3"}],"replies":[{"embeddable":true,"href":"https:\/\/blogs.amarinha.gal\/ribadeando\/wp-json\/wp\/v2\/comments?post=8401"}],"version-history":[{"count":0,"href":"https:\/\/blogs.amarinha.gal\/ribadeando\/wp-json\/wp\/v2\/posts\/8401\/revisions"}],"wp:attachment":[{"href":"https:\/\/blogs.amarinha.gal\/ribadeando\/wp-json\/wp\/v2\/media?parent=8401"}],"wp:term":[{"taxonomy":"category","embeddable":true,"href":"https:\/\/blogs.amarinha.gal\/ribadeando\/wp-json\/wp\/v2\/categories?post=8401"},{"taxonomy":"post_tag","embeddable":true,"href":"https:\/\/blogs.amarinha.gal\/ribadeando\/wp-json\/wp\/v2\/tags?post=8401"}],"curies":[{"name":"wp","href":"https:\/\/api.w.org\/{rel}","templated":true}]}}